{"id":155400,"date":"2026-04-22T17:17:52","date_gmt":"2026-04-22T20:17:52","guid":{"rendered":"https:\/\/politicanewscascavel.com.br\/2026\/04\/22\/sp-intensifica-acoes-para-conter-avanco-de-especie-invasora-em-manguezais-do-litoral\/"},"modified":"2026-04-22T17:17:52","modified_gmt":"2026-04-22T20:17:52","slug":"sp-intensifica-acoes-para-conter-avanco-de-especie-invasora-em-manguezais-do-litoral","status":"publish","type":"post","link":"https:\/\/politicanewscascavel.com.br\/?p=155400","title":{"rendered":"SP intensifica a\u00e7\u00f5es para conter avan\u00e7o de esp\u00e9cie invasora em manguezais do litoral"},"content":{"rendered":"\n<div>\n<p><strong>Planta conhecida como mangue-macaco preocupa por impacto no equil\u00edbrio ambiental<\/strong><\/p>\n<p>A Funda\u00e7\u00e3o Florestal intensificou a\u00e7\u00f5es para conter o avan\u00e7o do chamado <strong>mangue-macaco<\/strong>, uma esp\u00e9cie invasora que tem se espalhado por \u00e1reas de manguezal no litoral paulista.<\/p>\n<p>Segundo as informa\u00e7\u00f5es divulgadas, a planta n\u00e3o \u00e9 nativa desses ecossistemas e pode comprometer o equil\u00edbrio ambiental ao disputar espa\u00e7o com esp\u00e9cies locais, alterando a din\u00e2mica natural dos mangues.<\/p>\n<p>As a\u00e7\u00f5es envolvem <strong>monitoramento, controle da vegeta\u00e7\u00e3o e manejo ambiental<\/strong>, com o objetivo de evitar a expans\u00e3o da esp\u00e9cie e preservar a biodiversidade das \u00e1reas afetadas.<\/p>\n<p>O manguezal \u00e9 considerado um dos ecossistemas mais importantes do litoral, funcionando como ber\u00e7\u00e1rio natural para diversas esp\u00e9cies marinhas e contribuindo para a prote\u00e7\u00e3o da costa.<\/p>\n<p>Apesar da intensifica\u00e7\u00e3o das medidas, o material n\u00e3o detalha <strong>\u00e1reas espec\u00edficas j\u00e1 impactadas, extens\u00e3o da infesta\u00e7\u00e3o nem resultados concretos das a\u00e7\u00f5es<\/strong>, o que dificulta a avalia\u00e7\u00e3o do est\u00e1gio do problema.<\/p>\n<p><strong>HostingPRESS Ag\u00eancia de Not\u00edcias de S\u00e3o Paulo<\/strong><br \/>Conte\u00fado distribu\u00eddo por nossa Central de Jornalismo<br \/>Reprodu\u00e7\u00e3o autorizada mediante cr\u00e9dito da fonte<\/p>\n<p>Portal criado para conectar os leitores da regi\u00e3o ao melhor conte\u00fado<\/p>\n<p>Somos l\u00edderes de audi\u00eancia local. Somos sociais.\u00a0Conecte-se conosco.<\/p>\n<\/p><\/div>\n<section>  \t<img alt=\"Avatar photo\" src=\"https:\/\/hostingpress.com.br\/wp-content\/uploads\/2026\/03\/cropped-Divilgacao-95x95.jpeg\"  height=\"95\" width=\"95\" decoding=\"async\">\t \t<\/p>\n<div>\n<p>Vinicius Moror\u00f3<\/p>\n<p>Editor-Executivo-Regional | Jornalista | Diretor Editorial    Editor-Executivo-Regional da HostingPress Ag\u00eancia de Not\u00edcias de S\u00e3o Paulo, com atua\u00e7\u00e3o voltada \u00e0 coordena\u00e7\u00e3o editorial regional, articula\u00e7\u00e3o com ve\u00edculos parceiros e fortalecimento da distribui\u00e7\u00e3o de conte\u00fado jornal\u00edstico no Estado de S\u00e3o Paulo.      Editor-chefe do Jornal Impacto Cotia, com foco em jornalismo investigativo, interesse p\u00fablico e an\u00e1lise cr\u00edtica de temas pol\u00edticos, sociais e institucionais.<\/p>\n<\/p><\/div>\n<\/section>\n","protected":false},"excerpt":{"rendered":"<p>Planta conhecida como mangue-macaco preocupa por impacto no equil\u00edbrio ambiental A Funda\u00e7\u00e3o Florestal intensificou a\u00e7\u00f5es para conter o avan\u00e7o do chamado mangue-macaco, uma esp\u00e9cie invasora que tem se espalhado por \u00e1reas de manguezal no litoral paulista. Segundo as informa\u00e7\u00f5es divulgadas, a planta n\u00e3o \u00e9 nativa desses ecossistemas e pode comprometer o equil\u00edbrio ambiental ao disputar<\/p>\n","protected":false},"author":808,"featured_media":155401,"comment_status":"closed","ping_status":"closed","sticky":false,"template":"","format":"standard","meta":{"footnotes":""},"categories":[38],"tags":[],"class_list":{"0":"post-155400","1":"post","2":"type-post","3":"status-publish","4":"format-standard","5":"has-post-thumbnail","7":"category-economia"},"_links":{"self":[{"href":"https:\/\/politicanewscascavel.com.br\/index.php?rest_route=\/wp\/v2\/posts\/155400","targetHints":{"allow":["GET"]}}],"collection":[{"href":"https:\/\/politicanewscascavel.com.br\/index.php?rest_route=\/wp\/v2\/posts"}],"about":[{"href":"https:\/\/politicanewscascavel.com.br\/index.php?rest_route=\/wp\/v2\/types\/post"}],"author":[{"embeddable":true,"href":"https:\/\/politicanewscascavel.com.br\/index.php?rest_route=\/wp\/v2\/users\/808"}],"replies":[{"embeddable":true,"href":"https:\/\/politicanewscascavel.com.br\/index.php?rest_route=%2Fwp%2Fv2%2Fcomments&post=155400"}],"version-history":[{"count":0,"href":"https:\/\/politicanewscascavel.com.br\/index.php?rest_route=\/wp\/v2\/posts\/155400\/revisions"}],"wp:featuredmedia":[{"embeddable":true,"href":"https:\/\/politicanewscascavel.com.br\/index.php?rest_route=\/wp\/v2\/media\/155401"}],"wp:attachment":[{"href":"https:\/\/politicanewscascavel.com.br\/index.php?rest_route=%2Fwp%2Fv2%2Fmedia&parent=155400"}],"wp:term":[{"taxonomy":"category","embeddable":true,"href":"https:\/\/politicanewscascavel.com.br\/index.php?rest_route=%2Fwp%2Fv2%2Fcategories&post=155400"},{"taxonomy":"post_tag","embeddable":true,"href":"https:\/\/politicanewscascavel.com.br\/index.php?rest_route=%2Fwp%2Fv2%2Ftags&post=155400"}],"curies":[{"name":"wp","href":"https:\/\/api.w.org\/{rel}","templated":true}]}}