{"id":155422,"date":"2026-04-17T23:38:00","date_gmt":"2026-04-18T02:38:00","guid":{"rendered":"https:\/\/politicanewscascavel.com.br\/2026\/04\/17\/mulher-e-agredida-em-bar-em-guarulhos-e-caso-e-investigado\/"},"modified":"2026-04-17T23:38:00","modified_gmt":"2026-04-18T02:38:00","slug":"mulher-e-agredida-em-bar-em-guarulhos-e-caso-e-investigado","status":"publish","type":"post","link":"https:\/\/politicanewscascavel.com.br\/?p=155422","title":{"rendered":"Mulher \u00e9 agredida em bar em Guarulhos e caso \u00e9 investigado"},"content":{"rendered":"\n<div>\n<p><strong>Ocorr\u00eancia foi registrada e circunst\u00e2ncias da agress\u00e3o ainda est\u00e3o em apura\u00e7\u00e3o<\/strong><\/p>\n<p>Uma mulher foi agredida em um bar na cidade de Guarulhos, na regi\u00e3o metropolitana de S\u00e3o Paulo. O caso foi registrado e est\u00e1 sendo investigado pelas autoridades.<\/p>\n<p>De acordo com as informa\u00e7\u00f5es iniciais, a agress\u00e3o ocorreu dentro do estabelecimento. A v\u00edtima recebeu atendimento ap\u00f3s o ocorrido, mas o material n\u00e3o detalha <strong>o estado de sa\u00fade nem a din\u00e2mica completa da situa\u00e7\u00e3o<\/strong>.<\/p>\n<p>At\u00e9 o momento, n\u00e3o h\u00e1 confirma\u00e7\u00e3o p\u00fablica sobre pris\u00e3o ou identifica\u00e7\u00e3o dos envolvidos. As circunst\u00e2ncias da agress\u00e3o seguem sob an\u00e1lise das autoridades respons\u00e1veis.<\/p>\n<p>Casos de viol\u00eancia em ambientes p\u00fablicos t\u00eam sido registrados com frequ\u00eancia e refor\u00e7am a necessidade de apura\u00e7\u00e3o rigorosa e responsabiliza\u00e7\u00e3o dos envolvidos, conforme prev\u00ea a legisla\u00e7\u00e3o.<\/p>\n<p><strong>HostingPRESS Ag\u00eancia de Not\u00edcias de S\u00e3o Paulo<\/strong><br \/>Conte\u00fado distribu\u00eddo por nossa Central de Jornalismo<br \/>Reprodu\u00e7\u00e3o autorizada mediante cr\u00e9dito da fonte<\/p>\n<p>Portal criado para conectar os leitores da regi\u00e3o ao melhor conte\u00fado<\/p>\n<p>Somos l\u00edderes de audi\u00eancia local. Somos sociais.\u00a0Conecte-se conosco.<\/p>\n<\/p><\/div>\n<section>  \t<img alt=\"Avatar photo\" src=\"https:\/\/hostingpress.com.br\/wp-content\/uploads\/2026\/03\/cropped-Divilgacao-95x95.jpeg\"  height=\"95\" width=\"95\" decoding=\"async\">\t \t<\/p>\n<div>\n<p>Vinicius Moror\u00f3<\/p>\n<p>Editor-Executivo-Regional | Jornalista | Diretor Editorial    Editor-Executivo-Regional da HostingPress Ag\u00eancia de Not\u00edcias de S\u00e3o Paulo, com atua\u00e7\u00e3o voltada \u00e0 coordena\u00e7\u00e3o editorial regional, articula\u00e7\u00e3o com ve\u00edculos parceiros e fortalecimento da distribui\u00e7\u00e3o de conte\u00fado jornal\u00edstico no Estado de S\u00e3o Paulo.      Editor-chefe do Jornal Impacto Cotia, com foco em jornalismo investigativo, interesse p\u00fablico e an\u00e1lise cr\u00edtica de temas pol\u00edticos, sociais e institucionais.<\/p>\n<\/p><\/div>\n<\/section>\n","protected":false},"excerpt":{"rendered":"<p>Ocorr\u00eancia foi registrada e circunst\u00e2ncias da agress\u00e3o ainda est\u00e3o em apura\u00e7\u00e3o Uma mulher foi agredida em um bar na cidade de Guarulhos, na regi\u00e3o metropolitana de S\u00e3o Paulo. O caso foi registrado e est\u00e1 sendo investigado pelas autoridades. De acordo com as informa\u00e7\u00f5es iniciais, a agress\u00e3o ocorreu dentro do estabelecimento. A v\u00edtima recebeu atendimento ap\u00f3s<\/p>\n","protected":false},"author":808,"featured_media":155423,"comment_status":"closed","ping_status":"closed","sticky":false,"template":"","format":"standard","meta":{"footnotes":""},"categories":[57,1],"tags":[],"class_list":{"0":"post-155422","1":"post","2":"type-post","3":"status-publish","4":"format-standard","5":"has-post-thumbnail","7":"category-noticias-do-estado","8":"category-todas-noticias"},"_links":{"self":[{"href":"https:\/\/politicanewscascavel.com.br\/index.php?rest_route=\/wp\/v2\/posts\/155422","targetHints":{"allow":["GET"]}}],"collection":[{"href":"https:\/\/politicanewscascavel.com.br\/index.php?rest_route=\/wp\/v2\/posts"}],"about":[{"href":"https:\/\/politicanewscascavel.com.br\/index.php?rest_route=\/wp\/v2\/types\/post"}],"author":[{"embeddable":true,"href":"https:\/\/politicanewscascavel.com.br\/index.php?rest_route=\/wp\/v2\/users\/808"}],"replies":[{"embeddable":true,"href":"https:\/\/politicanewscascavel.com.br\/index.php?rest_route=%2Fwp%2Fv2%2Fcomments&post=155422"}],"version-history":[{"count":0,"href":"https:\/\/politicanewscascavel.com.br\/index.php?rest_route=\/wp\/v2\/posts\/155422\/revisions"}],"wp:featuredmedia":[{"embeddable":true,"href":"https:\/\/politicanewscascavel.com.br\/index.php?rest_route=\/wp\/v2\/media\/155423"}],"wp:attachment":[{"href":"https:\/\/politicanewscascavel.com.br\/index.php?rest_route=%2Fwp%2Fv2%2Fmedia&parent=155422"}],"wp:term":[{"taxonomy":"category","embeddable":true,"href":"https:\/\/politicanewscascavel.com.br\/index.php?rest_route=%2Fwp%2Fv2%2Fcategories&post=155422"},{"taxonomy":"post_tag","embeddable":true,"href":"https:\/\/politicanewscascavel.com.br\/index.php?rest_route=%2Fwp%2Fv2%2Ftags&post=155422"}],"curies":[{"name":"wp","href":"https:\/\/api.w.org\/{rel}","templated":true}]}}