{"id":155434,"date":"2026-04-13T00:02:00","date_gmt":"2026-04-13T03:02:00","guid":{"rendered":"https:\/\/politicanewscascavel.com.br\/2026\/04\/13\/motorista-de-aplicativo-mata-passageiro-apos-discussao-dentro-de-carro-em-sp\/"},"modified":"2026-04-13T00:02:00","modified_gmt":"2026-04-13T03:02:00","slug":"motorista-de-aplicativo-mata-passageiro-apos-discussao-dentro-de-carro-em-sp","status":"publish","type":"post","link":"https:\/\/politicanewscascavel.com.br\/?p=155434","title":{"rendered":"Motorista de aplicativo mata passageiro ap\u00f3s discuss\u00e3o dentro de carro em SP"},"content":{"rendered":"\n<div>\n<p><strong>Briga teria come\u00e7ado ap\u00f3s passageiro vomitar no ve\u00edculo; caso \u00e9 investigado<\/strong><\/p>\n<p>Um motorista de aplicativo matou um passageiro ap\u00f3s uma discuss\u00e3o dentro do ve\u00edculo em S\u00e3o Paulo. O caso ocorreu ap\u00f3s um desentendimento que, segundo informa\u00e7\u00f5es iniciais, teria come\u00e7ado quando o passageiro vomitou no carro.<\/p>\n<p>A situa\u00e7\u00e3o evoluiu para uma agress\u00e3o, que terminou com a morte do passageiro.<\/p>\n<p>De acordo com as informa\u00e7\u00f5es preliminares, o conflito come\u00e7ou durante a corrida e se intensificou ap\u00f3s o incidente dentro do ve\u00edculo.<\/p>\n<p>As circunst\u00e2ncias exatas da agress\u00e3o ainda est\u00e3o sendo apuradas pelas autoridades.<\/p>\n<p>O caso ser\u00e1 investigado para esclarecer a sequ\u00eancia dos fatos, incluindo a conduta do motorista e as condi\u00e7\u00f5es em que ocorreu a morte.<\/p>\n<p><strong>Viol\u00eancia em corridas por aplicativo<\/strong><\/p>\n<p>O epis\u00f3dio chama aten\u00e7\u00e3o para situa\u00e7\u00f5es de conflito entre motoristas e passageiros, que podem escalar rapidamente em ambientes fechados como ve\u00edculos.<\/p>\n<p><strong>HostingPRESS Ag\u00eancia de Not\u00edcias de S\u00e3o Paulo<\/strong><br \/>Conte\u00fado distribu\u00eddo por nossa Central de Jornalismo<br \/>Reprodu\u00e7\u00e3o autorizada mediante cr\u00e9dito da fonte<\/p>\n<p>Portal criado para conectar os leitores da regi\u00e3o ao melhor conte\u00fado<\/p>\n<p>Somos l\u00edderes de audi\u00eancia local. Somos sociais.\u00a0Conecte-se conosco.<\/p>\n<\/p><\/div>\n<section>  \t<img alt=\"Avatar photo\" src=\"https:\/\/hostingpress.com.br\/wp-content\/uploads\/2026\/03\/cropped-Divilgacao-95x95.jpeg\"  height=\"95\" width=\"95\" decoding=\"async\">\t \t<\/p>\n<div>\n<p>Vinicius Moror\u00f3<\/p>\n<p>Editor-Executivo-Regional | Jornalista | Diretor Editorial    Editor-Executivo-Regional da HostingPress Ag\u00eancia de Not\u00edcias de S\u00e3o Paulo, com atua\u00e7\u00e3o voltada \u00e0 coordena\u00e7\u00e3o editorial regional, articula\u00e7\u00e3o com ve\u00edculos parceiros e fortalecimento da distribui\u00e7\u00e3o de conte\u00fado jornal\u00edstico no Estado de S\u00e3o Paulo.      Editor-chefe do Jornal Impacto Cotia, com foco em jornalismo investigativo, interesse p\u00fablico e an\u00e1lise cr\u00edtica de temas pol\u00edticos, sociais e institucionais.<\/p>\n<\/p><\/div>\n<\/section>\n","protected":false},"excerpt":{"rendered":"<p>Briga teria come\u00e7ado ap\u00f3s passageiro vomitar no ve\u00edculo; caso \u00e9 investigado Um motorista de aplicativo matou um passageiro ap\u00f3s uma discuss\u00e3o dentro do ve\u00edculo em S\u00e3o Paulo. O caso ocorreu ap\u00f3s um desentendimento que, segundo informa\u00e7\u00f5es iniciais, teria come\u00e7ado quando o passageiro vomitou no carro. A situa\u00e7\u00e3o evoluiu para uma agress\u00e3o, que terminou com a<\/p>\n","protected":false},"author":808,"featured_media":155435,"comment_status":"closed","ping_status":"closed","sticky":false,"template":"","format":"standard","meta":{"footnotes":""},"categories":[59,1],"tags":[],"class_list":{"0":"post-155434","1":"post","2":"type-post","3":"status-publish","4":"format-standard","5":"has-post-thumbnail","7":"category-bairros","8":"category-todas-noticias"},"_links":{"self":[{"href":"https:\/\/politicanewscascavel.com.br\/index.php?rest_route=\/wp\/v2\/posts\/155434","targetHints":{"allow":["GET"]}}],"collection":[{"href":"https:\/\/politicanewscascavel.com.br\/index.php?rest_route=\/wp\/v2\/posts"}],"about":[{"href":"https:\/\/politicanewscascavel.com.br\/index.php?rest_route=\/wp\/v2\/types\/post"}],"author":[{"embeddable":true,"href":"https:\/\/politicanewscascavel.com.br\/index.php?rest_route=\/wp\/v2\/users\/808"}],"replies":[{"embeddable":true,"href":"https:\/\/politicanewscascavel.com.br\/index.php?rest_route=%2Fwp%2Fv2%2Fcomments&post=155434"}],"version-history":[{"count":0,"href":"https:\/\/politicanewscascavel.com.br\/index.php?rest_route=\/wp\/v2\/posts\/155434\/revisions"}],"wp:featuredmedia":[{"embeddable":true,"href":"https:\/\/politicanewscascavel.com.br\/index.php?rest_route=\/wp\/v2\/media\/155435"}],"wp:attachment":[{"href":"https:\/\/politicanewscascavel.com.br\/index.php?rest_route=%2Fwp%2Fv2%2Fmedia&parent=155434"}],"wp:term":[{"taxonomy":"category","embeddable":true,"href":"https:\/\/politicanewscascavel.com.br\/index.php?rest_route=%2Fwp%2Fv2%2Fcategories&post=155434"},{"taxonomy":"post_tag","embeddable":true,"href":"https:\/\/politicanewscascavel.com.br\/index.php?rest_route=%2Fwp%2Fv2%2Ftags&post=155434"}],"curies":[{"name":"wp","href":"https:\/\/api.w.org\/{rel}","templated":true}]}}