{"id":155444,"date":"2026-04-03T23:21:00","date_gmt":"2026-04-04T02:21:00","guid":{"rendered":"https:\/\/politicanewscascavel.com.br\/2026\/04\/03\/homem-e-agredido-por-segurancas-em-shopping-da-zona-leste-de-sao-paulo-apos-tentativa-de-venda-de-celular\/"},"modified":"2026-04-03T23:21:00","modified_gmt":"2026-04-04T02:21:00","slug":"homem-e-agredido-por-segurancas-em-shopping-da-zona-leste-de-sao-paulo-apos-tentativa-de-venda-de-celular","status":"publish","type":"post","link":"https:\/\/politicanewscascavel.com.br\/?p=155444","title":{"rendered":"Homem \u00e9 agredido por seguran\u00e7as em shopping da Zona Leste de S\u00e3o Paulo ap\u00f3s tentativa de venda de celular"},"content":{"rendered":"\n<div>\n<p><strong>Caso ocorreu ap\u00f3s v\u00edtima relatar golpe; epis\u00f3dio \u00e9 investigado pelas autoridades<\/strong><\/p>\n<p>Um homem foi <strong>agredido por seguran\u00e7as em um shopping da Zona Leste de S\u00e3o Paulo<\/strong> ap\u00f3s tentar vender um celular e relatar que havia sido v\u00edtima de golpe. O caso ocorreu na capital paulista, em estabelecimento cuja identifica\u00e7\u00e3o n\u00e3o foi detalhada nas informa\u00e7\u00f5es divulgadas.<\/p>\n<p>Segundo o relato, o homem procurou o local para negociar o aparelho quando percebeu ind\u00edcios de irregularidade na transa\u00e7\u00e3o. Ap\u00f3s a situa\u00e7\u00e3o, houve uma abordagem por parte da equipe de seguran\u00e7a do shopping, que resultou em <strong>agress\u00f5es contra a v\u00edtima<\/strong>.<\/p>\n<p>A ocorr\u00eancia foi registrada e deve ser apurada pelas autoridades, que ir\u00e3o analisar <strong>as circunst\u00e2ncias da abordagem e a conduta dos envolvidos<\/strong>. At\u00e9 o momento, n\u00e3o h\u00e1 detalhamento oficial sobre a din\u00e2mica completa do caso.<\/p>\n<p>O epis\u00f3dio envolve tanto a tentativa de venda do aparelho quanto a atua\u00e7\u00e3o da equipe de seguran\u00e7a, que passou a ser objeto de investiga\u00e7\u00e3o. A apura\u00e7\u00e3o deve considerar registros, testemunhos e eventuais imagens do local.<\/p>\n<p>N\u00e3o foram divulgadas informa\u00e7\u00f5es adicionais sobre o estado de sa\u00fade da v\u00edtima nem sobre medidas adotadas pelo estabelecimento ap\u00f3s o ocorrido.<\/p>\n<p><strong>HostingPRESS Ag\u00eancia de Not\u00edcias de S\u00e3o Paulo<\/strong><br \/>Conte\u00fado distribu\u00eddo por nossa Central de Jornalismo<br \/>Reprodu\u00e7\u00e3o autorizada mediante cr\u00e9dito da fonte<\/p>\n<p>Portal criado para conectar os leitores da regi\u00e3o ao melhor conte\u00fado<\/p>\n<p>Somos l\u00edderes de audi\u00eancia local. Somos sociais.\u00a0Conecte-se conosco.<\/p>\n<\/p><\/div>\n<section>  \t<img alt=\"Avatar photo\" src=\"https:\/\/hostingpress.com.br\/wp-content\/uploads\/2026\/03\/cropped-Divilgacao-95x95.jpeg\"  height=\"95\" width=\"95\" decoding=\"async\">\t \t<\/p>\n<div>\n<p>Vinicius Moror\u00f3<\/p>\n<p>Editor-Executivo-Regional | Jornalista | Diretor Editorial    Editor-Executivo-Regional da HostingPress Ag\u00eancia de Not\u00edcias de S\u00e3o Paulo, com atua\u00e7\u00e3o voltada \u00e0 coordena\u00e7\u00e3o editorial regional, articula\u00e7\u00e3o com ve\u00edculos parceiros e fortalecimento da distribui\u00e7\u00e3o de conte\u00fado jornal\u00edstico no Estado de S\u00e3o Paulo.      Editor-chefe do Jornal Impacto Cotia, com foco em jornalismo investigativo, interesse p\u00fablico e an\u00e1lise cr\u00edtica de temas pol\u00edticos, sociais e institucionais.<\/p>\n<\/p><\/div>\n<\/section>\n","protected":false},"excerpt":{"rendered":"<p>Caso ocorreu ap\u00f3s v\u00edtima relatar golpe; epis\u00f3dio \u00e9 investigado pelas autoridades Um homem foi agredido por seguran\u00e7as em um shopping da Zona Leste de S\u00e3o Paulo ap\u00f3s tentar vender um celular e relatar que havia sido v\u00edtima de golpe. O caso ocorreu na capital paulista, em estabelecimento cuja identifica\u00e7\u00e3o n\u00e3o foi detalhada nas informa\u00e7\u00f5es divulgadas.<\/p>\n","protected":false},"author":808,"featured_media":155445,"comment_status":"closed","ping_status":"closed","sticky":false,"template":"","format":"standard","meta":{"footnotes":""},"categories":[59,1],"tags":[],"class_list":{"0":"post-155444","1":"post","2":"type-post","3":"status-publish","4":"format-standard","5":"has-post-thumbnail","7":"category-bairros","8":"category-todas-noticias"},"_links":{"self":[{"href":"https:\/\/politicanewscascavel.com.br\/index.php?rest_route=\/wp\/v2\/posts\/155444","targetHints":{"allow":["GET"]}}],"collection":[{"href":"https:\/\/politicanewscascavel.com.br\/index.php?rest_route=\/wp\/v2\/posts"}],"about":[{"href":"https:\/\/politicanewscascavel.com.br\/index.php?rest_route=\/wp\/v2\/types\/post"}],"author":[{"embeddable":true,"href":"https:\/\/politicanewscascavel.com.br\/index.php?rest_route=\/wp\/v2\/users\/808"}],"replies":[{"embeddable":true,"href":"https:\/\/politicanewscascavel.com.br\/index.php?rest_route=%2Fwp%2Fv2%2Fcomments&post=155444"}],"version-history":[{"count":0,"href":"https:\/\/politicanewscascavel.com.br\/index.php?rest_route=\/wp\/v2\/posts\/155444\/revisions"}],"wp:featuredmedia":[{"embeddable":true,"href":"https:\/\/politicanewscascavel.com.br\/index.php?rest_route=\/wp\/v2\/media\/155445"}],"wp:attachment":[{"href":"https:\/\/politicanewscascavel.com.br\/index.php?rest_route=%2Fwp%2Fv2%2Fmedia&parent=155444"}],"wp:term":[{"taxonomy":"category","embeddable":true,"href":"https:\/\/politicanewscascavel.com.br\/index.php?rest_route=%2Fwp%2Fv2%2Fcategories&post=155444"},{"taxonomy":"post_tag","embeddable":true,"href":"https:\/\/politicanewscascavel.com.br\/index.php?rest_route=%2Fwp%2Fv2%2Ftags&post=155444"}],"curies":[{"name":"wp","href":"https:\/\/api.w.org\/{rel}","templated":true}]}}