{"id":155470,"date":"2026-04-10T15:21:00","date_gmt":"2026-04-10T18:21:00","guid":{"rendered":"https:\/\/politicanewscascavel.com.br\/2026\/04\/10\/fisioterapia-precoce-pode-influenciar-desenvolvimento-de-bebes-aponta-especialista\/"},"modified":"2026-04-10T15:21:00","modified_gmt":"2026-04-10T18:21:00","slug":"fisioterapia-precoce-pode-influenciar-desenvolvimento-de-bebes-aponta-especialista","status":"publish","type":"post","link":"https:\/\/politicanewscascavel.com.br\/?p=155470","title":{"rendered":"Fisioterapia precoce pode influenciar desenvolvimento de beb\u00eas, aponta especialista"},"content":{"rendered":"\n<div>\n<p><strong>Atua\u00e7\u00e3o nos primeiros meses de vida busca prevenir altera\u00e7\u00f5es motoras e cranianas<\/strong><\/p>\n<p>O acompanhamento fisioterap\u00eautico nos primeiros meses de vida pode influenciar diretamente o desenvolvimento motor e neurol\u00f3gico de beb\u00eas. A avalia\u00e7\u00e3o \u00e9 da fisioterapeuta Ana Luiza Soares, que atua h\u00e1 mais de <strong>25 anos<\/strong> na \u00e1rea de atendimento pedi\u00e1trico .<\/p>\n<p>Segundo a especialista, o primeiro ano de vida \u00e9 considerado uma fase decisiva para o desenvolvimento humano, per\u00edodo em que o c\u00e9rebro forma conex\u00f5es essenciais para habilidades motoras, cognitivas e sensoriais.<\/p>\n<p><strong>Interven\u00e7\u00e3o precoce<\/strong><\/p>\n<p>De acordo com a profissional, altera\u00e7\u00f5es simples podem ser identificadas ainda nos primeiros meses, como dificuldade de movimenta\u00e7\u00e3o do pesco\u00e7o ou prefer\u00eancia por um lado da cabe\u00e7a.<\/p>\n<p>Esses sinais, quando detectados precocemente, podem ser tratados com interven\u00e7\u00f5es menos complexas.<\/p>\n<p><strong>Condi\u00e7\u00f5es observadas<\/strong><\/p>\n<p>Entre as condi\u00e7\u00f5es acompanhadas est\u00e1 a assimetria craniana, conhecida como plagiocefalia posicional, caracterizada por altera\u00e7\u00f5es no formato da cabe\u00e7a do beb\u00ea.<\/p>\n<p>Estudos indicam que at\u00e9 <strong>20%<\/strong> das crian\u00e7as podem apresentar algum grau da condi\u00e7\u00e3o nos primeiros meses de vida.<br \/>Fonte: https:\/\/www.cdc.gov\/ncbddd\/birthdefects\/plagiocephaly.html<\/p>\n<p><strong>Atua\u00e7\u00e3o al\u00e9m do ambiente hospitalar<\/strong><\/p>\n<p>A especialista tamb\u00e9m aponta limita\u00e7\u00f5es no atendimento hospitalar, principalmente relacionadas ao tempo de acompanhamento.<\/p>\n<p>Segundo ela, muitas fam\u00edlias necessitam de orienta\u00e7\u00e3o cont\u00ednua, incluindo est\u00edmulos motores adequados e ajustes na rotina do beb\u00ea.<\/p>\n<p><strong>Papel da fam\u00edlia<\/strong><\/p>\n<p>A orienta\u00e7\u00e3o aos respons\u00e1veis \u00e9 considerada parte do processo terap\u00eautico. Entre as recomenda\u00e7\u00f5es est\u00e3o cuidados com posicionamento, est\u00edmulos f\u00edsicos e aten\u00e7\u00e3o a sinais de desenvolvimento.<\/p>\n<p><strong>Base cient\u00edfica<\/strong><\/p>\n<p>Pesquisas do National Institutes of Health indicam que interven\u00e7\u00f5es precoces podem impactar o desenvolvimento neurol\u00f3gico e motor, especialmente devido \u00e0 alta plasticidade cerebral nos primeiros meses de vida .<\/p>\n<p><strong>Servi\u00e7o<\/strong><\/p>\n<p><strong>HelperKids \u00a0Fisioterapia especializada em beb\u00eas<\/strong><\/p>\n<p>\ud83d\udccd Campo Belo S\u00e3o Paulo<br \/>\ud83d\udccd Alphaville<br \/>\ud83d\udccd Guarulhos<\/p>\n<p>\ud83d\udcf1 Instagram: @helperkids<br \/>\ud83d\udcde Telefone: (11) 98969-8423<\/p>\n<p><strong>HostingPRESS Ag\u00eancia de Not\u00edcias de S\u00e3o Paulo<\/strong><br \/>Conte\u00fado distribu\u00eddo por nossa Central de Jornalismo<br \/>Reprodu\u00e7\u00e3o autorizada mediante cr\u00e9dito da fonte<\/p>\n<p>Portal criado para conectar os leitores da regi\u00e3o ao melhor conte\u00fado<\/p>\n<p>Somos l\u00edderes de audi\u00eancia local. Somos sociais.\u00a0Conecte-se conosco.<\/p>\n<\/p><\/div>\n<section>  \t<img alt=\"Avatar photo\" src=\"https:\/\/hostingpress.com.br\/wp-content\/uploads\/2026\/03\/cropped-Divilgacao-95x95.jpeg\"  height=\"95\" width=\"95\" decoding=\"async\">\t \t<\/p>\n<div>\n<p>Vinicius Moror\u00f3<\/p>\n<p>Editor-Executivo-Regional | Jornalista | Diretor Editorial    Editor-Executivo-Regional da HostingPress Ag\u00eancia de Not\u00edcias de S\u00e3o Paulo, com atua\u00e7\u00e3o voltada \u00e0 coordena\u00e7\u00e3o editorial regional, articula\u00e7\u00e3o com ve\u00edculos parceiros e fortalecimento da distribui\u00e7\u00e3o de conte\u00fado jornal\u00edstico no Estado de S\u00e3o Paulo.      Editor-chefe do Jornal Impacto Cotia, com foco em jornalismo investigativo, interesse p\u00fablico e an\u00e1lise cr\u00edtica de temas pol\u00edticos, sociais e institucionais.<\/p>\n<\/p><\/div>\n<\/section>\n","protected":false},"excerpt":{"rendered":"<p>Atua\u00e7\u00e3o nos primeiros meses de vida busca prevenir altera\u00e7\u00f5es motoras e cranianas O acompanhamento fisioterap\u00eautico nos primeiros meses de vida pode influenciar diretamente o desenvolvimento motor e neurol\u00f3gico de beb\u00eas. A avalia\u00e7\u00e3o \u00e9 da fisioterapeuta Ana Luiza Soares, que atua h\u00e1 mais de 25 anos na \u00e1rea de atendimento pedi\u00e1trico . Segundo a especialista, o<\/p>\n","protected":false},"author":808,"featured_media":155472,"comment_status":"closed","ping_status":"closed","sticky":false,"template":"","format":"standard","meta":{"footnotes":""},"categories":[64,1],"tags":[],"class_list":{"0":"post-155470","1":"post","2":"type-post","3":"status-publish","4":"format-standard","5":"has-post-thumbnail","7":"category-negocio-em-destaque","8":"category-todas-noticias"},"_links":{"self":[{"href":"https:\/\/politicanewscascavel.com.br\/index.php?rest_route=\/wp\/v2\/posts\/155470","targetHints":{"allow":["GET"]}}],"collection":[{"href":"https:\/\/politicanewscascavel.com.br\/index.php?rest_route=\/wp\/v2\/posts"}],"about":[{"href":"https:\/\/politicanewscascavel.com.br\/index.php?rest_route=\/wp\/v2\/types\/post"}],"author":[{"embeddable":true,"href":"https:\/\/politicanewscascavel.com.br\/index.php?rest_route=\/wp\/v2\/users\/808"}],"replies":[{"embeddable":true,"href":"https:\/\/politicanewscascavel.com.br\/index.php?rest_route=%2Fwp%2Fv2%2Fcomments&post=155470"}],"version-history":[{"count":0,"href":"https:\/\/politicanewscascavel.com.br\/index.php?rest_route=\/wp\/v2\/posts\/155470\/revisions"}],"wp:featuredmedia":[{"embeddable":true,"href":"https:\/\/politicanewscascavel.com.br\/index.php?rest_route=\/wp\/v2\/media\/155472"}],"wp:attachment":[{"href":"https:\/\/politicanewscascavel.com.br\/index.php?rest_route=%2Fwp%2Fv2%2Fmedia&parent=155470"}],"wp:term":[{"taxonomy":"category","embeddable":true,"href":"https:\/\/politicanewscascavel.com.br\/index.php?rest_route=%2Fwp%2Fv2%2Fcategories&post=155470"},{"taxonomy":"post_tag","embeddable":true,"href":"https:\/\/politicanewscascavel.com.br\/index.php?rest_route=%2Fwp%2Fv2%2Ftags&post=155470"}],"curies":[{"name":"wp","href":"https:\/\/api.w.org\/{rel}","templated":true}]}}