{"id":155480,"date":"2026-03-25T19:27:00","date_gmt":"2026-03-25T22:27:00","guid":{"rendered":"https:\/\/politicanewscascavel.com.br\/2026\/03\/25\/usp-cria-novo-curso-de-engenharia-com-foco-em-inteligencia-artificial-e-semicondutores\/"},"modified":"2026-03-25T19:27:00","modified_gmt":"2026-03-25T22:27:00","slug":"usp-cria-novo-curso-de-engenharia-com-foco-em-inteligencia-artificial-e-semicondutores","status":"publish","type":"post","link":"https:\/\/politicanewscascavel.com.br\/?p=155480","title":{"rendered":"USP cria novo curso de engenharia com foco em intelig\u00eancia artificial e semicondutores"},"content":{"rendered":"\n<div>\n<p><strong>Nova gradua\u00e7\u00e3o ser\u00e1 oferecida pela Poli no vestibular e ter\u00e1 in\u00edcio previsto para 2027 com 56 vagas anuais<\/strong><\/p>\n<p>A Escola Polit\u00e9cnica da <strong>Universidade de S\u00e3o Paulo (USP)<\/strong> anunciou a cria\u00e7\u00e3o do curso de <strong>Engenharia Eletr\u00f4nica e Sistemas Computacionais<\/strong>, que ser\u00e1 oferecido no vestibular deste ano para ingresso a partir de <strong>2027<\/strong>, no campus do <strong>Butant\u00e3, zona oeste da capital paulista<\/strong>.<\/p>\n<p>A nova gradua\u00e7\u00e3o ter\u00e1 <strong>56 vagas anuais<\/strong> e foco em \u00e1reas estrat\u00e9gicas como <strong>intelig\u00eancia artificial, semicondutores e sistemas embarcados<\/strong>, acompanhando demandas do setor tecnol\u00f3gico.<\/p>\n<p>As vagas foram remanejadas do curso de Engenharia El\u00e9trica, que passa a ofertar <strong>114 vagas<\/strong>, ap\u00f3s a cria\u00e7\u00e3o da nova forma\u00e7\u00e3o. A proposta foi aprovada pelo Conselho Universit\u00e1rio em <strong>dezembro do ano passado<\/strong>.<\/p>\n<p>O curso ser\u00e1 ministrado em per\u00edodo integral, com <strong>carga hor\u00e1ria de 4.380 horas ao longo de cinco anos<\/strong>, distribu\u00eddas em dez semestres.<\/p>\n<p>Segundo a coordena\u00e7\u00e3o, a nova gradua\u00e7\u00e3o foi estruturada para oferecer <strong>forma\u00e7\u00e3o mais direcionada desde o in\u00edcio<\/strong>, com maior integra\u00e7\u00e3o entre teoria e pr\u00e1tica.<\/p>\n<p>Entre os diferenciais est\u00e1 a introdu\u00e7\u00e3o de atividades de engenharia j\u00e1 no <strong>primeiro semestre<\/strong>, com desenvolvimento de projetos aplicados, como <strong>sistemas de controle e solu\u00e7\u00f5es tecnol\u00f3gicas voltadas a problemas reais<\/strong>.<\/p>\n<p>Nos anos finais, os estudantes poder\u00e3o escolher trilhas de especializa\u00e7\u00e3o em \u00e1reas como <strong>intelig\u00eancia artificial, semicondutores e chips, sistemas embarcados, comunica\u00e7\u00f5es e processamento de sinais<\/strong>.<\/p>\n<p>A proposta tamb\u00e9m amplia o enfoque no desenvolvimento de tecnologias, incluindo a <strong>cria\u00e7\u00e3o e aplica\u00e7\u00e3o de intelig\u00eancia artificial em dispositivos e sistemas f\u00edsicos<\/strong>.<\/p>\n<p>O curso surge a partir do desmembramento de uma das \u00eanfases da Engenharia El\u00e9trica, ganhando estrutura pr\u00f3pria para atender <strong>novas demandas da ind\u00fastria e da inova\u00e7\u00e3o tecnol\u00f3gica<\/strong>.<\/p>\n<p><strong>HostingPRESS Ag\u00eancia de Not\u00edcias de S\u00e3o Paulo<\/strong><br \/>Conte\u00fado distribu\u00eddo por nossa Central de Jornalismo<br \/>Reprodu\u00e7\u00e3o autorizada mediante cr\u00e9dito da fonte<\/p>\n<p>Portal criado para conectar os leitores da regi\u00e3o ao melhor conte\u00fado<\/p>\n<p>Somos l\u00edderes de audi\u00eancia local. Somos sociais.\u00a0Conecte-se conosco.<\/p>\n<\/p><\/div>\n<section>  \t<img alt=\"Avatar photo\" src=\"https:\/\/hostingpress.com.br\/wp-content\/uploads\/2026\/03\/cropped-Divilgacao-95x95.jpeg\"  height=\"95\" width=\"95\" decoding=\"async\">\t \t<\/p>\n<div>\n<p>Vinicius Moror\u00f3<\/p>\n<p>Editor-Executivo-Regional | Jornalista | Diretor Editorial    Editor-Executivo-Regional da HostingPress Ag\u00eancia de Not\u00edcias de S\u00e3o Paulo, com atua\u00e7\u00e3o voltada \u00e0 coordena\u00e7\u00e3o editorial regional, articula\u00e7\u00e3o com ve\u00edculos parceiros e fortalecimento da distribui\u00e7\u00e3o de conte\u00fado jornal\u00edstico no Estado de S\u00e3o Paulo.      Editor-chefe do Jornal Impacto Cotia, com foco em jornalismo investigativo, interesse p\u00fablico e an\u00e1lise cr\u00edtica de temas pol\u00edticos, sociais e institucionais.<\/p>\n<\/p><\/div>\n<\/section>\n","protected":false},"excerpt":{"rendered":"<p>Nova gradua\u00e7\u00e3o ser\u00e1 oferecida pela Poli no vestibular e ter\u00e1 in\u00edcio previsto para 2027 com 56 vagas anuais A Escola Polit\u00e9cnica da Universidade de S\u00e3o Paulo (USP) anunciou a cria\u00e7\u00e3o do curso de Engenharia Eletr\u00f4nica e Sistemas Computacionais, que ser\u00e1 oferecido no vestibular deste ano para ingresso a partir de 2027, no campus do Butant\u00e3,<\/p>\n","protected":false},"author":808,"featured_media":155481,"comment_status":"closed","ping_status":"closed","sticky":false,"template":"","format":"standard","meta":{"footnotes":""},"categories":[66,1],"tags":[],"class_list":{"0":"post-155480","1":"post","2":"type-post","3":"status-publish","4":"format-standard","5":"has-post-thumbnail","7":"category-concursos","8":"category-todas-noticias"},"_links":{"self":[{"href":"https:\/\/politicanewscascavel.com.br\/index.php?rest_route=\/wp\/v2\/posts\/155480","targetHints":{"allow":["GET"]}}],"collection":[{"href":"https:\/\/politicanewscascavel.com.br\/index.php?rest_route=\/wp\/v2\/posts"}],"about":[{"href":"https:\/\/politicanewscascavel.com.br\/index.php?rest_route=\/wp\/v2\/types\/post"}],"author":[{"embeddable":true,"href":"https:\/\/politicanewscascavel.com.br\/index.php?rest_route=\/wp\/v2\/users\/808"}],"replies":[{"embeddable":true,"href":"https:\/\/politicanewscascavel.com.br\/index.php?rest_route=%2Fwp%2Fv2%2Fcomments&post=155480"}],"version-history":[{"count":0,"href":"https:\/\/politicanewscascavel.com.br\/index.php?rest_route=\/wp\/v2\/posts\/155480\/revisions"}],"wp:featuredmedia":[{"embeddable":true,"href":"https:\/\/politicanewscascavel.com.br\/index.php?rest_route=\/wp\/v2\/media\/155481"}],"wp:attachment":[{"href":"https:\/\/politicanewscascavel.com.br\/index.php?rest_route=%2Fwp%2Fv2%2Fmedia&parent=155480"}],"wp:term":[{"taxonomy":"category","embeddable":true,"href":"https:\/\/politicanewscascavel.com.br\/index.php?rest_route=%2Fwp%2Fv2%2Fcategories&post=155480"},{"taxonomy":"post_tag","embeddable":true,"href":"https:\/\/politicanewscascavel.com.br\/index.php?rest_route=%2Fwp%2Fv2%2Ftags&post=155480"}],"curies":[{"name":"wp","href":"https:\/\/api.w.org\/{rel}","templated":true}]}}