{"id":155489,"date":"2026-03-22T11:51:00","date_gmt":"2026-03-22T14:51:00","guid":{"rendered":"https:\/\/politicanewscascavel.com.br\/2026\/03\/22\/usp-abre-inscricoes-para-cursos-gratuitos-de-ingles-com-aulas-on-line\/"},"modified":"2026-03-22T11:51:00","modified_gmt":"2026-03-22T14:51:00","slug":"usp-abre-inscricoes-para-cursos-gratuitos-de-ingles-com-aulas-on-line","status":"publish","type":"post","link":"https:\/\/politicanewscascavel.com.br\/?p=155489","title":{"rendered":"USP abre inscri\u00e7\u00f5es para cursos gratuitos de ingl\u00eas com aulas on-line"},"content":{"rendered":"\n<div>\n<p><strong>Programa English@USP oferece forma\u00e7\u00e3o em leitura, escrita, escuta e conversa\u00e7\u00e3o com in\u00edcio em 27 de abril<\/strong><\/p>\n<p><strong>A Universidade de S\u00e3o Paulo (USP) abriu inscri\u00e7\u00f5es para cursos gratuitos de ingl\u00eas do programa English@USP, com prazo at\u00e9 22 de abril. As aulas ser\u00e3o realizadas on-line e s\u00e3o voltadas a estudantes de gradua\u00e7\u00e3o, p\u00f3s-gradua\u00e7\u00e3o e servidores da institui\u00e7\u00e3o, em todo o estado de S\u00e3o Paulo.<\/strong><\/p>\n<p><strong>Os cursos s\u00e3o estruturados para desenvolver habilidades espec\u00edficas na l\u00edngua inglesa, com turmas voltadas para diferentes n\u00edveis de profici\u00eancia.<\/strong><\/p>\n<p><strong>Cada forma\u00e7\u00e3o aborda uma compet\u00eancia distinta:<\/strong><\/p>\n<ul>\n<li><strong>reading (leitura)<\/strong><\/li>\n<li><strong>listening (escuta)<\/strong><\/li>\n<li><strong>writing (escrita)<\/strong><\/li>\n<li><strong>speaking (conversa\u00e7\u00e3o)<\/strong><\/li>\n<\/ul>\n<p><strong>Os m\u00f3dulos s\u00e3o independentes, permitindo que o participante se inscreva em mais de um curso no mesmo semestre.<\/strong><\/p>\n<p><strong>Como funcionam as aulas<\/strong><\/p>\n<p><strong>O formato \u00e9 totalmente on-line, com:<\/strong><\/p>\n<ul>\n<li><strong>dois encontros s\u00edncronos por semana<\/strong><\/li>\n<li><strong>possibilidade de acompanhamento ass\u00edncrono das atividades<\/strong><\/li>\n<li><strong>plant\u00e3o semanal ao vivo para d\u00favidas<\/strong><\/li>\n<\/ul>\n<p><strong>O material did\u00e1tico \u00e9 gratuito e desenvolvido pela equipe pedag\u00f3gica do programa, incluindo apostilas e conte\u00fados complementares ao longo das aulas.<\/strong><\/p>\n<p><strong>No primeiro semestre de 2026, est\u00e3o dispon\u00edveis seis cursos, contemplando n\u00edveis b\u00e1sico e avan\u00e7ado.<\/strong><\/p>\n<p><strong>Sele\u00e7\u00e3o e vagas<\/strong><\/p>\n<p><strong>As vagas s\u00e3o limitadas e, caso a procura seja maior que a oferta, poder\u00e1 haver processo seletivo entre os inscritos.<\/strong><\/p>\n<p><strong>Sobre o programa<\/strong><\/p>\n<p><strong>Criado em 2022, o English@USP \u00e9 um programa permanente da universidade, coordenado pela Ag\u00eancia USP de Coopera\u00e7\u00e3o Acad\u00eamica Nacional e Internacional (Aucani), em parceria com a Pr\u00f3-Reitoria de Cultura e Extens\u00e3o Universit\u00e1ria (PRCEU) e a Escola Superior de Agricultura Luiz de Queiroz (Esalq).<\/strong><\/p>\n<p><strong>A iniciativa tem como objetivo ampliar a capacita\u00e7\u00e3o em l\u00edngua inglesa no ambiente acad\u00eamico, considerada estrat\u00e9gica para:<\/strong><\/p>\n<ul>\n<li><strong>produ\u00e7\u00e3o cient\u00edfica<\/strong><\/li>\n<li><strong>interc\u00e2mbio internacional<\/strong><\/li>\n<li><strong>mobilidade acad\u00eamica<\/strong><\/li>\n<\/ul>\n<p><strong>A equipe pedag\u00f3gica \u00e9 formada por estudantes da Faculdade de Filosofia, Letras e Ci\u00eancias Humanas (FFLCH), respons\u00e1veis pela elabora\u00e7\u00e3o dos conte\u00fados e condu\u00e7\u00e3o das atividades.<\/strong><\/p>\n<p><strong>Desde a cria\u00e7\u00e3o, o programa j\u00e1 registrou mais de 28 mil participantes.<\/strong><\/p>\n<p><strong>SERVI\u00c7O<\/strong><\/p>\n<p><strong>\ud83d\udcc5 Data: Inscri\u00e7\u00f5es at\u00e9 22 de abril de 2026<br \/><\/strong><strong>\ud83d\udd58 Hor\u00e1rio: Aulas com encontros semanais (hor\u00e1rios variam por turma)<br \/><\/strong><strong>\ud83d\udccd Local: On-line<br \/><\/strong><strong>\ud83d\udccc Endere\u00e7o: Plataforma digital do programa<\/strong><\/p>\n<p><strong>HostingPRESS Ag\u00eancia de Not\u00edcias de S\u00e3o Paulo<\/strong><br \/>Conte\u00fado distribu\u00eddo por nossa Central de Jornalismo<br \/>Reprodu\u00e7\u00e3o autorizada mediante cr\u00e9dito da fonte<\/p>\n<p>Portal criado para conectar os leitores da regi\u00e3o ao melhor conte\u00fado<\/p>\n<p>Somos l\u00edderes de audi\u00eancia local. Somos sociais.\u00a0Conecte-se conosco.<\/p>\n<\/p><\/div>\n<section>  \t<img alt=\"Avatar photo\" src=\"https:\/\/hostingpress.com.br\/wp-content\/uploads\/2026\/03\/cropped-Divilgacao-95x95.jpeg\"  height=\"95\" width=\"95\" decoding=\"async\">\t \t<\/p>\n<div>\n<p>Vinicius Moror\u00f3<\/p>\n<p>Editor-Executivo-Regional | Jornalista | Diretor Editorial    Editor-Executivo-Regional da HostingPress Ag\u00eancia de Not\u00edcias de S\u00e3o Paulo, com atua\u00e7\u00e3o voltada \u00e0 coordena\u00e7\u00e3o editorial regional, articula\u00e7\u00e3o com ve\u00edculos parceiros e fortalecimento da distribui\u00e7\u00e3o de conte\u00fado jornal\u00edstico no Estado de S\u00e3o Paulo.      Editor-chefe do Jornal Impacto Cotia, com foco em jornalismo investigativo, interesse p\u00fablico e an\u00e1lise cr\u00edtica de temas pol\u00edticos, sociais e institucionais.<\/p>\n<\/p><\/div>\n<\/section>\n","protected":false},"excerpt":{"rendered":"<p>Programa English@USP oferece forma\u00e7\u00e3o em leitura, escrita, escuta e conversa\u00e7\u00e3o com in\u00edcio em 27 de abril A Universidade de S\u00e3o Paulo (USP) abriu inscri\u00e7\u00f5es para cursos gratuitos de ingl\u00eas do programa English@USP, com prazo at\u00e9 22 de abril. As aulas ser\u00e3o realizadas on-line e s\u00e3o voltadas a estudantes de gradua\u00e7\u00e3o, p\u00f3s-gradua\u00e7\u00e3o e servidores da institui\u00e7\u00e3o,<\/p>\n","protected":false},"author":808,"featured_media":155490,"comment_status":"closed","ping_status":"closed","sticky":false,"template":"","format":"standard","meta":{"footnotes":""},"categories":[66,1],"tags":[],"class_list":{"0":"post-155489","1":"post","2":"type-post","3":"status-publish","4":"format-standard","5":"has-post-thumbnail","7":"category-concursos","8":"category-todas-noticias"},"_links":{"self":[{"href":"https:\/\/politicanewscascavel.com.br\/index.php?rest_route=\/wp\/v2\/posts\/155489","targetHints":{"allow":["GET"]}}],"collection":[{"href":"https:\/\/politicanewscascavel.com.br\/index.php?rest_route=\/wp\/v2\/posts"}],"about":[{"href":"https:\/\/politicanewscascavel.com.br\/index.php?rest_route=\/wp\/v2\/types\/post"}],"author":[{"embeddable":true,"href":"https:\/\/politicanewscascavel.com.br\/index.php?rest_route=\/wp\/v2\/users\/808"}],"replies":[{"embeddable":true,"href":"https:\/\/politicanewscascavel.com.br\/index.php?rest_route=%2Fwp%2Fv2%2Fcomments&post=155489"}],"version-history":[{"count":0,"href":"https:\/\/politicanewscascavel.com.br\/index.php?rest_route=\/wp\/v2\/posts\/155489\/revisions"}],"wp:featuredmedia":[{"embeddable":true,"href":"https:\/\/politicanewscascavel.com.br\/index.php?rest_route=\/wp\/v2\/media\/155490"}],"wp:attachment":[{"href":"https:\/\/politicanewscascavel.com.br\/index.php?rest_route=%2Fwp%2Fv2%2Fmedia&parent=155489"}],"wp:term":[{"taxonomy":"category","embeddable":true,"href":"https:\/\/politicanewscascavel.com.br\/index.php?rest_route=%2Fwp%2Fv2%2Fcategories&post=155489"},{"taxonomy":"post_tag","embeddable":true,"href":"https:\/\/politicanewscascavel.com.br\/index.php?rest_route=%2Fwp%2Fv2%2Ftags&post=155489"}],"curies":[{"name":"wp","href":"https:\/\/api.w.org\/{rel}","templated":true}]}}