{"id":155496,"date":"2026-04-07T23:36:00","date_gmt":"2026-04-08T02:36:00","guid":{"rendered":"https:\/\/politicanewscascavel.com.br\/2026\/04\/07\/marilia-recebe-teatro-gratuito-sobre-meio-ambiente-com-oficinas-de-inovacao-para-jovens\/"},"modified":"2026-04-07T23:36:00","modified_gmt":"2026-04-08T02:36:00","slug":"marilia-recebe-teatro-gratuito-sobre-meio-ambiente-com-oficinas-de-inovacao-para-jovens","status":"publish","type":"post","link":"https:\/\/politicanewscascavel.com.br\/?p=155496","title":{"rendered":"Mar\u00edlia recebe teatro gratuito sobre meio ambiente com oficinas de inova\u00e7\u00e3o para jovens"},"content":{"rendered":"\n<div>\n<p><strong>Espet\u00e1culo \u201c\u00c1gua \u00e0 Vista\u201d acontece dia 14 e integra projeto que estimula solu\u00e7\u00f5es para desafios ambientais<\/strong><\/p>\n<p>Mar\u00edlia recebe, na pr\u00f3xima ter\u00e7a-feira (14), o espet\u00e1culo gratuito <strong>\u201c\u00c1gua \u00e0 Vista\u201d<\/strong>, iniciativa que utiliza o teatro para <strong>estimular jovens a pensar solu\u00e7\u00f5es para problemas ambientais reais<\/strong>.<\/p>\n<p>A apresenta\u00e7\u00e3o acontece no audit\u00f3rio da Fatec, com sess\u00f5es \u00e0s 10h e 19h30.<\/p>\n<p>A pe\u00e7a acompanha a jornada de dois cientistas e um aventureiro em uma expedi\u00e7\u00e3o sobre a escassez de \u00e1gua, abordando temas como <strong>preserva\u00e7\u00e3o ambiental e consumo consciente<\/strong> por meio de uma linguagem acess\u00edvel e envolvente.<\/p>\n<p>Al\u00e9m da apresenta\u00e7\u00e3o, o projeto inclui uma etapa pr\u00e1tica no dia seguinte (15), com a realiza\u00e7\u00e3o de um <strong>Ideathon<\/strong>, em que estudantes participam de oficinas de inova\u00e7\u00e3o e desenvolvem propostas para desafios ambientais, com apoio de mentores e avalia\u00e7\u00e3o por especialistas.<\/p>\n<p>O projeto faz parte do programa <strong>\u201cArte de Inovar com Maratona de Inova\u00e7\u00e3o\u201d<\/strong>, que deve passar por quatro cidades em 2026 e impactar cerca de <strong>3 mil jovens<\/strong>.<\/p>\n<p>Ap\u00f3s Mar\u00edlia, a iniciativa seguir\u00e1 para Bauru, Mogi das Cruzes e Jundia\u00ed.<\/p>\n<p>A realiza\u00e7\u00e3o \u00e9 da Loa Produ\u00e7\u00f5es Culturais e Criativas, com patroc\u00ednio da Coca-Cola FEMSA Brasil, e viabiliza\u00e7\u00e3o por meio de recursos do Governo do Estado de S\u00e3o Paulo, via ProAC.<\/p>\n<p><strong>HostingPRESS Ag\u00eancia de Not\u00edcias de S\u00e3o Paulo<\/strong><br \/>Conte\u00fado distribu\u00eddo por nossa Central de Jornalismo<br \/>Reprodu\u00e7\u00e3o autorizada mediante cr\u00e9dito da fonte<\/p>\n<p>Portal criado para conectar os leitores da regi\u00e3o ao melhor conte\u00fado<\/p>\n<p>Somos l\u00edderes de audi\u00eancia local. Somos sociais.\u00a0Conecte-se conosco.<\/p>\n<\/p><\/div>\n<section>  \t<img alt=\"Avatar photo\" src=\"https:\/\/hostingpress.com.br\/wp-content\/uploads\/2026\/03\/cropped-Divilgacao-95x95.jpeg\"  height=\"95\" width=\"95\" decoding=\"async\">\t \t<\/p>\n<div>\n<p>Vinicius Moror\u00f3<\/p>\n<p>Editor-Executivo-Regional | Jornalista | Diretor Editorial    Editor-Executivo-Regional da HostingPress Ag\u00eancia de Not\u00edcias de S\u00e3o Paulo, com atua\u00e7\u00e3o voltada \u00e0 coordena\u00e7\u00e3o editorial regional, articula\u00e7\u00e3o com ve\u00edculos parceiros e fortalecimento da distribui\u00e7\u00e3o de conte\u00fado jornal\u00edstico no Estado de S\u00e3o Paulo.      Editor-chefe do Jornal Impacto Cotia, com foco em jornalismo investigativo, interesse p\u00fablico e an\u00e1lise cr\u00edtica de temas pol\u00edticos, sociais e institucionais.<\/p>\n<\/p><\/div>\n<\/section>\n","protected":false},"excerpt":{"rendered":"<p>Espet\u00e1culo \u201c\u00c1gua \u00e0 Vista\u201d acontece dia 14 e integra projeto que estimula solu\u00e7\u00f5es para desafios ambientais Mar\u00edlia recebe, na pr\u00f3xima ter\u00e7a-feira (14), o espet\u00e1culo gratuito \u201c\u00c1gua \u00e0 Vista\u201d, iniciativa que utiliza o teatro para estimular jovens a pensar solu\u00e7\u00f5es para problemas ambientais reais. A apresenta\u00e7\u00e3o acontece no audit\u00f3rio da Fatec, com sess\u00f5es \u00e0s 10h e<\/p>\n","protected":false},"author":808,"featured_media":155497,"comment_status":"closed","ping_status":"closed","sticky":false,"template":"","format":"standard","meta":{"footnotes":""},"categories":[70,1],"tags":[],"class_list":{"0":"post-155496","1":"post","2":"type-post","3":"status-publish","4":"format-standard","5":"has-post-thumbnail","7":"category-cinema-humor-e-teatro","8":"category-todas-noticias"},"_links":{"self":[{"href":"https:\/\/politicanewscascavel.com.br\/index.php?rest_route=\/wp\/v2\/posts\/155496","targetHints":{"allow":["GET"]}}],"collection":[{"href":"https:\/\/politicanewscascavel.com.br\/index.php?rest_route=\/wp\/v2\/posts"}],"about":[{"href":"https:\/\/politicanewscascavel.com.br\/index.php?rest_route=\/wp\/v2\/types\/post"}],"author":[{"embeddable":true,"href":"https:\/\/politicanewscascavel.com.br\/index.php?rest_route=\/wp\/v2\/users\/808"}],"replies":[{"embeddable":true,"href":"https:\/\/politicanewscascavel.com.br\/index.php?rest_route=%2Fwp%2Fv2%2Fcomments&post=155496"}],"version-history":[{"count":0,"href":"https:\/\/politicanewscascavel.com.br\/index.php?rest_route=\/wp\/v2\/posts\/155496\/revisions"}],"wp:featuredmedia":[{"embeddable":true,"href":"https:\/\/politicanewscascavel.com.br\/index.php?rest_route=\/wp\/v2\/media\/155497"}],"wp:attachment":[{"href":"https:\/\/politicanewscascavel.com.br\/index.php?rest_route=%2Fwp%2Fv2%2Fmedia&parent=155496"}],"wp:term":[{"taxonomy":"category","embeddable":true,"href":"https:\/\/politicanewscascavel.com.br\/index.php?rest_route=%2Fwp%2Fv2%2Fcategories&post=155496"},{"taxonomy":"post_tag","embeddable":true,"href":"https:\/\/politicanewscascavel.com.br\/index.php?rest_route=%2Fwp%2Fv2%2Ftags&post=155496"}],"curies":[{"name":"wp","href":"https:\/\/api.w.org\/{rel}","templated":true}]}}