{"id":155501,"date":"2026-04-14T23:38:00","date_gmt":"2026-04-15T02:38:00","guid":{"rendered":"https:\/\/politicanewscascavel.com.br\/2026\/04\/14\/dia-mundial-do-cafe-destaca-sao-paulo-como-terceiro-maior-produtor-do-pais\/"},"modified":"2026-04-14T23:38:00","modified_gmt":"2026-04-15T02:38:00","slug":"dia-mundial-do-cafe-destaca-sao-paulo-como-terceiro-maior-produtor-do-pais","status":"publish","type":"post","link":"https:\/\/politicanewscascavel.com.br\/?p=155501","title":{"rendered":"Dia Mundial do Caf\u00e9 destaca S\u00e3o Paulo como terceiro maior produtor do pa\u00eds"},"content":{"rendered":"\n<div>\n<p><strong>Estado mant\u00e9m relev\u00e2ncia na cadeia produtiva, com impacto no agroneg\u00f3cio e exporta\u00e7\u00f5es<\/strong><\/p>\n<p>O Dia Mundial do Caf\u00e9, celebrado em 14 de abril, refor\u00e7a a posi\u00e7\u00e3o de S\u00e3o Paulo como <strong>terceiro maior produtor do gr\u00e3o no Brasil<\/strong>, atr\u00e1s de outros estados com maior volume de produ\u00e7\u00e3o, mas ainda com papel relevante na cadeia do agroneg\u00f3cio.<\/p>\n<p>A produ\u00e7\u00e3o paulista est\u00e1 concentrada principalmente em regi\u00f5es do interior, com destaque para \u00e1reas que combinam tradi\u00e7\u00e3o agr\u00edcola e estrutura log\u00edstica voltada \u00e0 exporta\u00e7\u00e3o.<\/p>\n<p>Al\u00e9m da produ\u00e7\u00e3o, o caf\u00e9 tamb\u00e9m tem peso econ\u00f4mico na balan\u00e7a comercial, sendo um dos produtos agr\u00edcolas com presen\u00e7a constante nas exporta\u00e7\u00f5es brasileiras.<\/p>\n<p>Apesar da posi\u00e7\u00e3o no ranking, o material divulgado n\u00e3o detalha <strong>volume atual de produ\u00e7\u00e3o, compara\u00e7\u00e3o com anos anteriores ou participa\u00e7\u00e3o exata do estado no mercado nacional<\/strong>, o que limita a an\u00e1lise sobre crescimento ou retra\u00e7\u00e3o do setor.<\/p>\n<p>O caf\u00e9 \u00e9 uma das commodities agr\u00edcolas mais tradicionais do pa\u00eds e tem influ\u00eancia direta em cadeias produtivas como ind\u00fastria aliment\u00edcia, exporta\u00e7\u00e3o e gera\u00e7\u00e3o de empregos no campo.<\/p>\n<p><strong>HostingPRESS Ag\u00eancia de Not\u00edcias de S\u00e3o Paulo<\/strong><br \/>Conte\u00fado distribu\u00eddo por nossa Central de Jornalismo<br \/>Reprodu\u00e7\u00e3o autorizada mediante cr\u00e9dito da fonte<\/p>\n<p>Portal criado para conectar os leitores da regi\u00e3o ao melhor conte\u00fado<\/p>\n<p>Somos l\u00edderes de audi\u00eancia local. Somos sociais.\u00a0Conecte-se conosco.<\/p>\n<\/p><\/div>\n<section>  \t<img alt=\"Avatar photo\" src=\"https:\/\/hostingpress.com.br\/wp-content\/uploads\/2026\/03\/cropped-Divilgacao-95x95.jpeg\"  height=\"95\" width=\"95\" decoding=\"async\">\t \t<\/p>\n<div>\n<p>Vinicius Moror\u00f3<\/p>\n<p>Editor-Executivo-Regional | Jornalista | Diretor Editorial    Editor-Executivo-Regional da HostingPress Ag\u00eancia de Not\u00edcias de S\u00e3o Paulo, com atua\u00e7\u00e3o voltada \u00e0 coordena\u00e7\u00e3o editorial regional, articula\u00e7\u00e3o com ve\u00edculos parceiros e fortalecimento da distribui\u00e7\u00e3o de conte\u00fado jornal\u00edstico no Estado de S\u00e3o Paulo.      Editor-chefe do Jornal Impacto Cotia, com foco em jornalismo investigativo, interesse p\u00fablico e an\u00e1lise cr\u00edtica de temas pol\u00edticos, sociais e institucionais.<\/p>\n<\/p><\/div>\n<\/section>\n","protected":false},"excerpt":{"rendered":"<p>Estado mant\u00e9m relev\u00e2ncia na cadeia produtiva, com impacto no agroneg\u00f3cio e exporta\u00e7\u00f5es O Dia Mundial do Caf\u00e9, celebrado em 14 de abril, refor\u00e7a a posi\u00e7\u00e3o de S\u00e3o Paulo como terceiro maior produtor do gr\u00e3o no Brasil, atr\u00e1s de outros estados com maior volume de produ\u00e7\u00e3o, mas ainda com papel relevante na cadeia do agroneg\u00f3cio. A<\/p>\n","protected":false},"author":808,"featured_media":155506,"comment_status":"closed","ping_status":"closed","sticky":false,"template":"","format":"standard","meta":{"footnotes":""},"categories":[68,1],"tags":[],"class_list":{"0":"post-155501","1":"post","2":"type-post","3":"status-publish","4":"format-standard","5":"has-post-thumbnail","7":"category-cultura","8":"category-todas-noticias"},"_links":{"self":[{"href":"https:\/\/politicanewscascavel.com.br\/index.php?rest_route=\/wp\/v2\/posts\/155501","targetHints":{"allow":["GET"]}}],"collection":[{"href":"https:\/\/politicanewscascavel.com.br\/index.php?rest_route=\/wp\/v2\/posts"}],"about":[{"href":"https:\/\/politicanewscascavel.com.br\/index.php?rest_route=\/wp\/v2\/types\/post"}],"author":[{"embeddable":true,"href":"https:\/\/politicanewscascavel.com.br\/index.php?rest_route=\/wp\/v2\/users\/808"}],"replies":[{"embeddable":true,"href":"https:\/\/politicanewscascavel.com.br\/index.php?rest_route=%2Fwp%2Fv2%2Fcomments&post=155501"}],"version-history":[{"count":0,"href":"https:\/\/politicanewscascavel.com.br\/index.php?rest_route=\/wp\/v2\/posts\/155501\/revisions"}],"wp:featuredmedia":[{"embeddable":true,"href":"https:\/\/politicanewscascavel.com.br\/index.php?rest_route=\/wp\/v2\/media\/155506"}],"wp:attachment":[{"href":"https:\/\/politicanewscascavel.com.br\/index.php?rest_route=%2Fwp%2Fv2%2Fmedia&parent=155501"}],"wp:term":[{"taxonomy":"category","embeddable":true,"href":"https:\/\/politicanewscascavel.com.br\/index.php?rest_route=%2Fwp%2Fv2%2Fcategories&post=155501"},{"taxonomy":"post_tag","embeddable":true,"href":"https:\/\/politicanewscascavel.com.br\/index.php?rest_route=%2Fwp%2Fv2%2Ftags&post=155501"}],"curies":[{"name":"wp","href":"https:\/\/api.w.org\/{rel}","templated":true}]}}