{"id":155503,"date":"2026-03-15T07:38:00","date_gmt":"2026-03-15T10:38:00","guid":{"rendered":"https:\/\/politicanewscascavel.com.br\/2026\/03\/15\/governo-federal-lanca-edital-com-310-vagas-para-especializacao-em-enfermagem-neonatal\/"},"modified":"2026-03-15T07:38:00","modified_gmt":"2026-03-15T10:38:00","slug":"governo-federal-lanca-edital-com-310-vagas-para-especializacao-em-enfermagem-neonatal","status":"publish","type":"post","link":"https:\/\/politicanewscascavel.com.br\/?p=155503","title":{"rendered":"Governo federal lan\u00e7a edital com 310 vagas para especializa\u00e7\u00e3o em enfermagem neonatal"},"content":{"rendered":"\n<div>\n<p><strong>Inscri\u00e7\u00f5es come\u00e7am em 16 de mar\u00e7o e seguem at\u00e9 6 de abril pela plataforma online do programa<\/strong><\/p>\n<p>O <strong>Minist\u00e9rio da Sa\u00fade<\/strong> anunciou a abertura de <strong>310 vagas para a Especializa\u00e7\u00e3o em Enfermagem Neonatal<\/strong>, destinada a profissionais que atuam em unidades neonatais de refer\u00eancia do <strong>Sistema \u00danico de Sa\u00fade (SUS)<\/strong>. O investimento previsto para o programa \u00e9 de <strong>R$ 2,6 milh\u00f5es<\/strong>.<\/p>\n<p>As inscri\u00e7\u00f5es poder\u00e3o ser feitas <strong>entre 16 de mar\u00e7o e 6 de abril<\/strong>, por meio da plataforma <strong>SIGA-LS<\/strong>, dispon\u00edvel online. https:\/\/siga.fiocruz.br<\/p>\n<p>A iniciativa prioriza profissionais que atuam nas regi\u00f5es <strong>Norte, Nordeste e Centro-Oeste<\/strong>, onde h\u00e1 maior car\u00eancia de especialistas nessa \u00e1rea da enfermagem.<\/p>\n<p><strong>Qualifica\u00e7\u00e3o da assist\u00eancia neonatal<\/strong><\/p>\n<p>Segundo o Minist\u00e9rio da Sa\u00fade, o objetivo da especializa\u00e7\u00e3o \u00e9 ampliar a qualifica\u00e7\u00e3o da for\u00e7a de trabalho no SUS e fortalecer o atendimento a mulheres e rec\u00e9m-nascidos.<\/p>\n<p>Em nota, o secret\u00e1rio de Gest\u00e3o do Trabalho e da Educa\u00e7\u00e3o na Sa\u00fade, <strong>Felipe Proen\u00e7o<\/strong>, afirmou que a forma\u00e7\u00e3o busca melhorar a oferta de servi\u00e7os e reduzir desigualdades regionais no sistema de sa\u00fade.<\/p>\n<p>\u201cNosso objetivo \u00e9 fortalecer e valorizar a enfermagem no \u00e2mbito do SUS, al\u00e9m de qualificar a oferta dos servi\u00e7os. Ao atacar desigualdades hist\u00f3ricas, fortalecemos a resolutividade nas redes regionais.\u201d<\/p>\n<p>A amplia\u00e7\u00e3o do n\u00famero de enfermeiros especializados em neonatologia pode contribuir para melhorar o atendimento aos rec\u00e9m-nascidos, com a\u00e7\u00f5es como identifica\u00e7\u00e3o precoce de riscos, manejo cl\u00ednico adequado e interven\u00e7\u00f5es mais seguras.<\/p>\n<p><strong>Forma\u00e7\u00e3o e execu\u00e7\u00e3o do curso<\/strong><\/p>\n<p>O curso ser\u00e1 executado pelo <strong>Instituto Nacional de Sa\u00fade da Mulher, da Crian\u00e7a e do Adolescente Fernandes Figueira<\/strong>, da <strong>Funda\u00e7\u00e3o Oswaldo Cruz (Fiocruz)<\/strong>.<\/p>\n<p>A especializa\u00e7\u00e3o ter\u00e1 <strong>dura\u00e7\u00e3o de 14 meses<\/strong> e integra o programa <strong>Agora Tem Especialistas<\/strong>, iniciativa voltada \u00e0 forma\u00e7\u00e3o de profissionais especializados para atua\u00e7\u00e3o no SUS.<\/p>\n<p>De acordo com o Minist\u00e9rio da Sa\u00fade, a forma\u00e7\u00e3o pode ampliar em <strong>mais de 30% o n\u00famero de enfermeiros neonatais atuando no sistema p\u00fablico<\/strong>.<\/p>\n<p><strong>Distribui\u00e7\u00e3o das vagas<\/strong><\/p>\n<p>Das <strong>310 vagas<\/strong> dispon\u00edveis no edital:<\/p>\n<ul>\n<li><strong>206 vagas (66%)<\/strong> ser\u00e3o destinadas a <strong>capitais<\/strong><\/li>\n<li><strong>104 vagas (34%)<\/strong> ser\u00e3o direcionadas a <strong>munic\u00edpios do interior<\/strong><\/li>\n<\/ul>\n<p>A distribui\u00e7\u00e3o regional prev\u00ea:<\/p>\n<ul>\n<li><strong>56 vagas para o Centro-Oeste<\/strong><\/li>\n<li><strong>182 vagas para o Nordeste<\/strong><\/li>\n<li><strong>72 vagas para o Norte<\/strong><\/li>\n<\/ul>\n<p>Os profissionais selecionados dever\u00e3o atuar em <strong>64 hospitais localizados em 36 munic\u00edpios<\/strong>.<\/p>\n<p>O edital tamb\u00e9m prev\u00ea <strong>172 vagas reservadas para a\u00e7\u00f5es afirmativas<\/strong>.<\/p>\n<p><strong>A\u00e7\u00f5es voltadas \u00e0 sa\u00fade materna<\/strong><\/p>\n<p>A forma\u00e7\u00e3o faz parte de um conjunto de iniciativas do Minist\u00e9rio da Sa\u00fade voltadas ao fortalecimento da assist\u00eancia obst\u00e9trica e neonatal.<\/p>\n<p>Em <strong>2025<\/strong>, a pasta destinou <strong>R$ 17 milh\u00f5es<\/strong> \u00e0 <strong>Especializa\u00e7\u00e3o em Enfermagem Obst\u00e9trica da Rede Alyne<\/strong>, programa que re\u00fane <strong>760 profissionais de enfermagem<\/strong> em parceria com <strong>38 institui\u00e7\u00f5es de ensino<\/strong>.<\/p>\n<p>A iniciativa \u00e9 coordenada pela <strong>Universidade Federal de Minas Gerais (UFMG)<\/strong>, com apoio da <strong>Associa\u00e7\u00e3o Brasileira de Obstetrizes e Enfermeiros Obstetras<\/strong>, e prioriza profissionais que atuam em regi\u00f5es interiorizadas e na <strong>Amaz\u00f4nia Legal<\/strong>.<\/p>\n<p><strong>SERVI\u00c7O<\/strong><\/p>\n<p><strong>Especializa\u00e7\u00e3o em Enfermagem Neonatal Minist\u00e9rio da Sa\u00fade<\/strong><\/p>\n<p>\ud83d\udcc5 <strong>Inscri\u00e7\u00f5es:<\/strong> 16 de mar\u00e7o a 6 de abril<br \/>\ud83d\udcbb <strong>Plataforma de inscri\u00e7\u00e3o:<\/strong><br \/>https:\/\/siga.fiocruz.br<\/p>\n<p>\ud83c\udf93 <strong>Dura\u00e7\u00e3o do curso:<\/strong> 14 meses<br \/>\ud83c\udfe5 <strong>Institui\u00e7\u00e3o executora:<\/strong> Instituto Fernandes Figueira \/ Fiocruz<\/p>\n<p>\ud83d\udc69\u200d\u2695\ufe0f <strong>Vagas dispon\u00edveis:<\/strong> 310<\/p>\n<p><strong>HostingPRESS Ag\u00eancia de Not\u00edcias de S\u00e3o Paulo<\/strong><br \/>Conte\u00fado distribu\u00eddo por nossa Central de Jornalismo<br \/>Reprodu\u00e7\u00e3o autorizada mediante cr\u00e9dito da fonte<\/p>\n<p>Portal criado para conectar os leitores da regi\u00e3o ao melhor conte\u00fado<\/p>\n<p>Somos l\u00edderes de audi\u00eancia local. Somos sociais.\u00a0Conecte-se conosco.<\/p>\n<\/p><\/div>\n<section>  \t<img alt=\"Avatar photo\" src=\"https:\/\/hostingpress.com.br\/wp-content\/uploads\/2026\/03\/cropped-Divilgacao-95x95.jpeg\"  height=\"95\" width=\"95\" decoding=\"async\">\t \t<\/p>\n<div>\n<p>Vinicius Moror\u00f3<\/p>\n<p>Editor-Executivo-Regional | Jornalista | Diretor Editorial    Editor-Executivo-Regional da HostingPress Ag\u00eancia de Not\u00edcias de S\u00e3o Paulo, com atua\u00e7\u00e3o voltada \u00e0 coordena\u00e7\u00e3o editorial regional, articula\u00e7\u00e3o com ve\u00edculos parceiros e fortalecimento da distribui\u00e7\u00e3o de conte\u00fado jornal\u00edstico no Estado de S\u00e3o Paulo.      Editor-chefe do Jornal Impacto Cotia, com foco em jornalismo investigativo, interesse p\u00fablico e an\u00e1lise cr\u00edtica de temas pol\u00edticos, sociais e institucionais.<\/p>\n<\/p><\/div>\n<\/section>\n","protected":false},"excerpt":{"rendered":"<p>Inscri\u00e7\u00f5es come\u00e7am em 16 de mar\u00e7o e seguem at\u00e9 6 de abril pela plataforma online do programa O Minist\u00e9rio da Sa\u00fade anunciou a abertura de 310 vagas para a Especializa\u00e7\u00e3o em Enfermagem Neonatal, destinada a profissionais que atuam em unidades neonatais de refer\u00eancia do Sistema \u00danico de Sa\u00fade (SUS). O investimento previsto para o programa<\/p>\n","protected":false},"author":808,"featured_media":155508,"comment_status":"closed","ping_status":"closed","sticky":false,"template":"","format":"standard","meta":{"footnotes":""},"categories":[66,1],"tags":[],"class_list":{"0":"post-155503","1":"post","2":"type-post","3":"status-publish","4":"format-standard","5":"has-post-thumbnail","7":"category-concursos","8":"category-todas-noticias"},"_links":{"self":[{"href":"https:\/\/politicanewscascavel.com.br\/index.php?rest_route=\/wp\/v2\/posts\/155503","targetHints":{"allow":["GET"]}}],"collection":[{"href":"https:\/\/politicanewscascavel.com.br\/index.php?rest_route=\/wp\/v2\/posts"}],"about":[{"href":"https:\/\/politicanewscascavel.com.br\/index.php?rest_route=\/wp\/v2\/types\/post"}],"author":[{"embeddable":true,"href":"https:\/\/politicanewscascavel.com.br\/index.php?rest_route=\/wp\/v2\/users\/808"}],"replies":[{"embeddable":true,"href":"https:\/\/politicanewscascavel.com.br\/index.php?rest_route=%2Fwp%2Fv2%2Fcomments&post=155503"}],"version-history":[{"count":0,"href":"https:\/\/politicanewscascavel.com.br\/index.php?rest_route=\/wp\/v2\/posts\/155503\/revisions"}],"wp:featuredmedia":[{"embeddable":true,"href":"https:\/\/politicanewscascavel.com.br\/index.php?rest_route=\/wp\/v2\/media\/155508"}],"wp:attachment":[{"href":"https:\/\/politicanewscascavel.com.br\/index.php?rest_route=%2Fwp%2Fv2%2Fmedia&parent=155503"}],"wp:term":[{"taxonomy":"category","embeddable":true,"href":"https:\/\/politicanewscascavel.com.br\/index.php?rest_route=%2Fwp%2Fv2%2Fcategories&post=155503"},{"taxonomy":"post_tag","embeddable":true,"href":"https:\/\/politicanewscascavel.com.br\/index.php?rest_route=%2Fwp%2Fv2%2Ftags&post=155503"}],"curies":[{"name":"wp","href":"https:\/\/api.w.org\/{rel}","templated":true}]}}