{"id":155617,"date":"2026-04-22T23:09:00","date_gmt":"2026-04-23T02:09:00","guid":{"rendered":"https:\/\/politicanewscascavel.com.br\/2026\/04\/22\/moradora-deixa-favela-do-moinho-e-relata-mudanca-apos-acesso-a-habitacao-em-sp\/"},"modified":"2026-04-22T23:09:00","modified_gmt":"2026-04-23T02:09:00","slug":"moradora-deixa-favela-do-moinho-e-relata-mudanca-apos-acesso-a-habitacao-em-sp","status":"publish","type":"post","link":"https:\/\/politicanewscascavel.com.br\/?p=155617","title":{"rendered":"Moradora deixa Favela do Moinho e relata mudan\u00e7a ap\u00f3s acesso \u00e0 habita\u00e7\u00e3o em SP"},"content":{"rendered":"\n<div>\n<p><strong>Benefici\u00e1ria de programa estadual descreve impacto da nova moradia<\/strong><\/p>\n<p><strong>Uma moradora que vivia na Favela do Moinho relatou a mudan\u00e7a de vida ap\u00f3s ser contemplada com uma nova moradia por meio de programa habitacional no estado de S\u00e3o Paulo.<\/strong><\/p>\n<p><strong>Identificada como Dona J\u00falia, ela descreve a transi\u00e7\u00e3o da comunidade para um im\u00f3vel regular como um avan\u00e7o nas condi\u00e7\u00f5es de vida, destacando aspectos como seguran\u00e7a e dignidade.<\/strong><\/p>\n<p><strong>A Favela do Moinho, localizada na regi\u00e3o central da capital paulista, \u00e9 conhecida por condi\u00e7\u00f5es prec\u00e1rias de infraestrutura e hist\u00f3rico de vulnerabilidade social.<\/strong><\/p>\n<p><strong>Segundo o material, a mudan\u00e7a faz parte de iniciativas do governo estadual voltadas \u00e0 oferta de habita\u00e7\u00e3o para fam\u00edlias em situa\u00e7\u00e3o de vulnerabilidade.<\/strong><\/p>\n<p><strong>Apesar do relato individual, o conte\u00fado n\u00e3o detalha quantas fam\u00edlias j\u00e1 foram atendidas, crit\u00e9rios de sele\u00e7\u00e3o nem o total de unidades habitacionais dispon\u00edveis, o que limita a avalia\u00e7\u00e3o do alcance da pol\u00edtica p\u00fablica.<\/strong><\/p>\n<p><strong>HostingPRESS Ag\u00eancia de Not\u00edcias de S\u00e3o Paulo<\/strong><br \/>Conte\u00fado distribu\u00eddo por nossa Central de Jornalismo<br \/>Reprodu\u00e7\u00e3o autorizada mediante cr\u00e9dito da fonte<\/p>\n<p>Portal criado para conectar os leitores da regi\u00e3o ao melhor conte\u00fado<\/p>\n<p>Somos l\u00edderes de audi\u00eancia local. Somos sociais.\u00a0Conecte-se conosco.<\/p>\n<\/p><\/div>\n<section>  \t<img alt=\"Avatar photo\" src=\"https:\/\/hostingpress.com.br\/wp-content\/uploads\/2026\/03\/cropped-Divilgacao-95x95.jpeg\"  height=\"95\" width=\"95\" decoding=\"async\">\t \t<\/p>\n<div>\n<p>Vinicius Moror\u00f3<\/p>\n<p>Editor-Executivo-Regional | Jornalista | Diretor Editorial    Editor-Executivo-Regional da HostingPress Ag\u00eancia de Not\u00edcias de S\u00e3o Paulo, com atua\u00e7\u00e3o voltada \u00e0 coordena\u00e7\u00e3o editorial regional, articula\u00e7\u00e3o com ve\u00edculos parceiros e fortalecimento da distribui\u00e7\u00e3o de conte\u00fado jornal\u00edstico no Estado de S\u00e3o Paulo.      Editor-chefe do Jornal Impacto Cotia, com foco em jornalismo investigativo, interesse p\u00fablico e an\u00e1lise cr\u00edtica de temas pol\u00edticos, sociais e institucionais.<\/p>\n<\/p><\/div>\n<\/section>\n","protected":false},"excerpt":{"rendered":"<p>Benefici\u00e1ria de programa estadual descreve impacto da nova moradia Uma moradora que vivia na Favela do Moinho relatou a mudan\u00e7a de vida ap\u00f3s ser contemplada com uma nova moradia por meio de programa habitacional no estado de S\u00e3o Paulo. Identificada como Dona J\u00falia, ela descreve a transi\u00e7\u00e3o da comunidade para um im\u00f3vel regular como um<\/p>\n","protected":false},"author":808,"featured_media":155618,"comment_status":"closed","ping_status":"closed","sticky":false,"template":"","format":"standard","meta":{"footnotes":""},"categories":[32,1],"tags":[],"class_list":{"0":"post-155617","1":"post","2":"type-post","3":"status-publish","4":"format-standard","5":"has-post-thumbnail","7":"category-brasil","8":"category-todas-noticias"},"_links":{"self":[{"href":"https:\/\/politicanewscascavel.com.br\/index.php?rest_route=\/wp\/v2\/posts\/155617","targetHints":{"allow":["GET"]}}],"collection":[{"href":"https:\/\/politicanewscascavel.com.br\/index.php?rest_route=\/wp\/v2\/posts"}],"about":[{"href":"https:\/\/politicanewscascavel.com.br\/index.php?rest_route=\/wp\/v2\/types\/post"}],"author":[{"embeddable":true,"href":"https:\/\/politicanewscascavel.com.br\/index.php?rest_route=\/wp\/v2\/users\/808"}],"replies":[{"embeddable":true,"href":"https:\/\/politicanewscascavel.com.br\/index.php?rest_route=%2Fwp%2Fv2%2Fcomments&post=155617"}],"version-history":[{"count":0,"href":"https:\/\/politicanewscascavel.com.br\/index.php?rest_route=\/wp\/v2\/posts\/155617\/revisions"}],"wp:featuredmedia":[{"embeddable":true,"href":"https:\/\/politicanewscascavel.com.br\/index.php?rest_route=\/wp\/v2\/media\/155618"}],"wp:attachment":[{"href":"https:\/\/politicanewscascavel.com.br\/index.php?rest_route=%2Fwp%2Fv2%2Fmedia&parent=155617"}],"wp:term":[{"taxonomy":"category","embeddable":true,"href":"https:\/\/politicanewscascavel.com.br\/index.php?rest_route=%2Fwp%2Fv2%2Fcategories&post=155617"},{"taxonomy":"post_tag","embeddable":true,"href":"https:\/\/politicanewscascavel.com.br\/index.php?rest_route=%2Fwp%2Fv2%2Ftags&post=155617"}],"curies":[{"name":"wp","href":"https:\/\/api.w.org\/{rel}","templated":true}]}}