{"id":155631,"date":"2026-04-23T19:42:21","date_gmt":"2026-04-23T22:42:21","guid":{"rendered":"https:\/\/politicanewscascavel.com.br\/2026\/04\/23\/museu-do-futebol-lanca-audioguia-em-formato-de-programa-de-radio-para-ampliar-acessibilidade\/"},"modified":"2026-04-23T19:42:21","modified_gmt":"2026-04-23T22:42:21","slug":"museu-do-futebol-lanca-audioguia-em-formato-de-programa-de-radio-para-ampliar-acessibilidade","status":"publish","type":"post","link":"https:\/\/politicanewscascavel.com.br\/?p=155631","title":{"rendered":"Museu do Futebol lan\u00e7a audioguia em formato de programa de r\u00e1dio para ampliar acessibilidade"},"content":{"rendered":"\n<div>\n<p><strong>Projeto \u201cFutebol \u00e9 Mais\u201d utiliza narrativa dramatizada e agora conta com vers\u00f5es em ingl\u00eas e espanhol<\/strong><\/p>\n<p>O Museu do Futebol, em S\u00e3o Paulo, lan\u00e7ou oficialmente o audioguia <strong>\u201cFutebol \u00e9 Mais\u201d<\/strong>, uma iniciativa voltada \u00e0 amplia\u00e7\u00e3o da acessibilidade, especialmente para pessoas com defici\u00eancia visual.<\/p>\n<p>O recurso utiliza um formato inovador inspirado em programas de r\u00e1dio, com a participa\u00e7\u00e3o de apresentadores e uma rep\u00f3rter que conduzem o visitante ao longo da exposi\u00e7\u00e3o principal do museu.<\/p>\n<p>O projeto j\u00e1 estava dispon\u00edvel desde o segundo semestre de 2025, mas agora passa a contar tamb\u00e9m com <strong>vers\u00f5es em ingl\u00eas e espanhol<\/strong>, ampliando o alcance para p\u00fablicos internacionais.<\/p>\n<p>Segundo a equipe respons\u00e1vel, o desenvolvimento do audioguia levou cerca de dois anos e buscou adaptar a audiodescri\u00e7\u00e3o a um formato mais familiar e acess\u00edvel.<\/p>\n<p>A proposta combina <strong>narra\u00e7\u00e3o, contextualiza\u00e7\u00e3o hist\u00f3rica e elementos dramatizados<\/strong>, permitindo que o p\u00fablico compreenda conte\u00fados visuais por meio da constru\u00e7\u00e3o de imagens mentais.<\/p>\n<p>Al\u00e9m de atender pessoas com defici\u00eancia visual, o material tamb\u00e9m foi pensado para ampliar o entendimento do recurso de audiodescri\u00e7\u00e3o entre visitantes em geral.<\/p>\n<p><strong>Experi\u00eancia inclui hist\u00f3rias de \u00eddolos do futebol<\/strong><\/p>\n<p>Durante o percurso, o audioguia apresenta hist\u00f3rias de grandes nomes do futebol brasileiro, como Pel\u00e9 e Marta.<\/p>\n<p>Entre os conte\u00fados abordados, est\u00e3o curiosidades sobre a trajet\u00f3ria dos atletas, contribuindo para uma experi\u00eancia mais imersiva e informativa dentro da exposi\u00e7\u00e3o.<\/p>\n<p>A iniciativa integra as a\u00e7\u00f5es do museu voltadas \u00e0 inclus\u00e3o e ao acesso democr\u00e1tico \u00e0 cultura.<\/p>\n<p><strong>HostingPRESS Ag\u00eancia de Not\u00edcias de S\u00e3o Paulo<\/strong><br \/>Conte\u00fado distribu\u00eddo por nossa Central de Jornalismo<br \/>Reprodu\u00e7\u00e3o autorizada mediante cr\u00e9dito da fonte<\/p>\n<p>Portal criado para conectar os leitores da regi\u00e3o ao melhor conte\u00fado<\/p>\n<p>Somos l\u00edderes de audi\u00eancia local. Somos sociais.\u00a0Conecte-se conosco.<\/p>\n<\/p><\/div>\n<section>  \t<img alt=\"Avatar photo\" src=\"https:\/\/hostingpress.com.br\/wp-content\/uploads\/2026\/03\/cropped-Divilgacao-95x95.jpeg\"  height=\"95\" width=\"95\" decoding=\"async\">\t \t<\/p>\n<div>\n<p>Vinicius Moror\u00f3<\/p>\n<p>Editor-Executivo-Regional | Jornalista | Diretor Editorial    Editor-Executivo-Regional da HostingPress Ag\u00eancia de Not\u00edcias de S\u00e3o Paulo, com atua\u00e7\u00e3o voltada \u00e0 coordena\u00e7\u00e3o editorial regional, articula\u00e7\u00e3o com ve\u00edculos parceiros e fortalecimento da distribui\u00e7\u00e3o de conte\u00fado jornal\u00edstico no Estado de S\u00e3o Paulo.      Editor-chefe do Jornal Impacto Cotia, com foco em jornalismo investigativo, interesse p\u00fablico e an\u00e1lise cr\u00edtica de temas pol\u00edticos, sociais e institucionais.<\/p>\n<\/p><\/div>\n<\/section>\n","protected":false},"excerpt":{"rendered":"<p>Projeto \u201cFutebol \u00e9 Mais\u201d utiliza narrativa dramatizada e agora conta com vers\u00f5es em ingl\u00eas e espanhol O Museu do Futebol, em S\u00e3o Paulo, lan\u00e7ou oficialmente o audioguia \u201cFutebol \u00e9 Mais\u201d, uma iniciativa voltada \u00e0 amplia\u00e7\u00e3o da acessibilidade, especialmente para pessoas com defici\u00eancia visual. O recurso utiliza um formato inovador inspirado em programas de r\u00e1dio, com<\/p>\n","protected":false},"author":808,"featured_media":155632,"comment_status":"closed","ping_status":"closed","sticky":false,"template":"","format":"standard","meta":{"footnotes":""},"categories":[39],"tags":[],"class_list":{"0":"post-155631","1":"post","2":"type-post","3":"status-publish","4":"format-standard","5":"has-post-thumbnail","7":"category-esportes"},"_links":{"self":[{"href":"https:\/\/politicanewscascavel.com.br\/index.php?rest_route=\/wp\/v2\/posts\/155631","targetHints":{"allow":["GET"]}}],"collection":[{"href":"https:\/\/politicanewscascavel.com.br\/index.php?rest_route=\/wp\/v2\/posts"}],"about":[{"href":"https:\/\/politicanewscascavel.com.br\/index.php?rest_route=\/wp\/v2\/types\/post"}],"author":[{"embeddable":true,"href":"https:\/\/politicanewscascavel.com.br\/index.php?rest_route=\/wp\/v2\/users\/808"}],"replies":[{"embeddable":true,"href":"https:\/\/politicanewscascavel.com.br\/index.php?rest_route=%2Fwp%2Fv2%2Fcomments&post=155631"}],"version-history":[{"count":0,"href":"https:\/\/politicanewscascavel.com.br\/index.php?rest_route=\/wp\/v2\/posts\/155631\/revisions"}],"wp:featuredmedia":[{"embeddable":true,"href":"https:\/\/politicanewscascavel.com.br\/index.php?rest_route=\/wp\/v2\/media\/155632"}],"wp:attachment":[{"href":"https:\/\/politicanewscascavel.com.br\/index.php?rest_route=%2Fwp%2Fv2%2Fmedia&parent=155631"}],"wp:term":[{"taxonomy":"category","embeddable":true,"href":"https:\/\/politicanewscascavel.com.br\/index.php?rest_route=%2Fwp%2Fv2%2Fcategories&post=155631"},{"taxonomy":"post_tag","embeddable":true,"href":"https:\/\/politicanewscascavel.com.br\/index.php?rest_route=%2Fwp%2Fv2%2Ftags&post=155631"}],"curies":[{"name":"wp","href":"https:\/\/api.w.org\/{rel}","templated":true}]}}