{"id":155637,"date":"2026-04-23T19:42:35","date_gmt":"2026-04-23T22:42:35","guid":{"rendered":"https:\/\/politicanewscascavel.com.br\/2026\/04\/23\/unidades-do-bom-prato-funcionam-neste-fim-de-semana-em-sp-veja-quais\/"},"modified":"2026-04-23T19:42:35","modified_gmt":"2026-04-23T22:42:35","slug":"unidades-do-bom-prato-funcionam-neste-fim-de-semana-em-sp-veja-quais","status":"publish","type":"post","link":"https:\/\/politicanewscascavel.com.br\/?p=155637","title":{"rendered":"Unidades do Bom Prato funcionam neste fim de semana em SP; veja quais"},"content":{"rendered":"\n<div>\n<p><strong>Programa mant\u00e9m atendimento em restaurantes espec\u00edficos aos s\u00e1bados e domingos<\/strong><\/p>\n<p>Algumas unidades do Programa Bom Prato estar\u00e3o abertas neste fim de semana na S\u00e3o Paulo e em outras cidades do estado. O funcionamento inclui caf\u00e9s da manh\u00e3 e almo\u00e7os com pre\u00e7os populares.<\/p>\n<p>O programa oferece refei\u00e7\u00f5es a baixo custo e atende principalmente a popula\u00e7\u00e3o em situa\u00e7\u00e3o de vulnerabilidade.<\/p>\n<p><strong>Funcionamento no fim de semana<\/strong><\/p>\n<p>Nem todas as unidades operam aos s\u00e1bados e domingos. O atendimento \u00e9 mantido em restaurantes previamente definidos, que funcionam em hor\u00e1rios espec\u00edficos.<\/p>\n<p>Os servi\u00e7os incluem caf\u00e9 da manh\u00e3 e almo\u00e7o, conforme a unidade.<\/p>\n<p><strong>Acesso ao servi\u00e7o<\/strong><\/p>\n<p>Os restaurantes do Bom Prato s\u00e3o conhecidos por oferecer refei\u00e7\u00f5es a pre\u00e7os reduzidos, subsidiadas pelo governo estadual.<\/p>\n<p>O objetivo \u00e9 garantir seguran\u00e7a alimentar \u00e0 popula\u00e7\u00e3o de baixa renda.<\/p>\n<p><strong>Orienta\u00e7\u00e3o aos usu\u00e1rios<\/strong><\/p>\n<p>A recomenda\u00e7\u00e3o \u00e9 que os usu\u00e1rios consultem previamente quais unidades estar\u00e3o abertas, j\u00e1 que o funcionamento pode variar conforme a regi\u00e3o.<\/p>\n<p><strong>HostingPRESS Ag\u00eancia de Not\u00edcias de S\u00e3o Paulo<\/strong><br \/>Conte\u00fado distribu\u00eddo por nossa Central de Jornalismo<br \/>Reprodu\u00e7\u00e3o autorizada mediante cr\u00e9dito da fonte<\/p>\n<p>Portal criado para conectar os leitores da regi\u00e3o ao melhor conte\u00fado<\/p>\n<p>Somos l\u00edderes de audi\u00eancia local. Somos sociais.\u00a0Conecte-se conosco.<\/p>\n<\/p><\/div>\n<section>  \t<img alt=\"Avatar photo\" src=\"https:\/\/hostingpress.com.br\/wp-content\/uploads\/2026\/03\/cropped-Divilgacao-95x95.jpeg\"  height=\"95\" width=\"95\" decoding=\"async\">\t \t<\/p>\n<div>\n<p>Vinicius Moror\u00f3<\/p>\n<p>Editor-Executivo-Regional | Jornalista | Diretor Editorial    Editor-Executivo-Regional da HostingPress Ag\u00eancia de Not\u00edcias de S\u00e3o Paulo, com atua\u00e7\u00e3o voltada \u00e0 coordena\u00e7\u00e3o editorial regional, articula\u00e7\u00e3o com ve\u00edculos parceiros e fortalecimento da distribui\u00e7\u00e3o de conte\u00fado jornal\u00edstico no Estado de S\u00e3o Paulo.      Editor-chefe do Jornal Impacto Cotia, com foco em jornalismo investigativo, interesse p\u00fablico e an\u00e1lise cr\u00edtica de temas pol\u00edticos, sociais e institucionais.<\/p>\n<\/p><\/div>\n<\/section>\n","protected":false},"excerpt":{"rendered":"<p>Programa mant\u00e9m atendimento em restaurantes espec\u00edficos aos s\u00e1bados e domingos Algumas unidades do Programa Bom Prato estar\u00e3o abertas neste fim de semana na S\u00e3o Paulo e em outras cidades do estado. O funcionamento inclui caf\u00e9s da manh\u00e3 e almo\u00e7os com pre\u00e7os populares. O programa oferece refei\u00e7\u00f5es a baixo custo e atende principalmente a popula\u00e7\u00e3o em<\/p>\n","protected":false},"author":808,"featured_media":155638,"comment_status":"closed","ping_status":"closed","sticky":false,"template":"","format":"standard","meta":{"footnotes":""},"categories":[33],"tags":[],"class_list":{"0":"post-155637","1":"post","2":"type-post","3":"status-publish","4":"format-standard","5":"has-post-thumbnail","7":"category-politica"},"_links":{"self":[{"href":"https:\/\/politicanewscascavel.com.br\/index.php?rest_route=\/wp\/v2\/posts\/155637","targetHints":{"allow":["GET"]}}],"collection":[{"href":"https:\/\/politicanewscascavel.com.br\/index.php?rest_route=\/wp\/v2\/posts"}],"about":[{"href":"https:\/\/politicanewscascavel.com.br\/index.php?rest_route=\/wp\/v2\/types\/post"}],"author":[{"embeddable":true,"href":"https:\/\/politicanewscascavel.com.br\/index.php?rest_route=\/wp\/v2\/users\/808"}],"replies":[{"embeddable":true,"href":"https:\/\/politicanewscascavel.com.br\/index.php?rest_route=%2Fwp%2Fv2%2Fcomments&post=155637"}],"version-history":[{"count":0,"href":"https:\/\/politicanewscascavel.com.br\/index.php?rest_route=\/wp\/v2\/posts\/155637\/revisions"}],"wp:featuredmedia":[{"embeddable":true,"href":"https:\/\/politicanewscascavel.com.br\/index.php?rest_route=\/wp\/v2\/media\/155638"}],"wp:attachment":[{"href":"https:\/\/politicanewscascavel.com.br\/index.php?rest_route=%2Fwp%2Fv2%2Fmedia&parent=155637"}],"wp:term":[{"taxonomy":"category","embeddable":true,"href":"https:\/\/politicanewscascavel.com.br\/index.php?rest_route=%2Fwp%2Fv2%2Fcategories&post=155637"},{"taxonomy":"post_tag","embeddable":true,"href":"https:\/\/politicanewscascavel.com.br\/index.php?rest_route=%2Fwp%2Fv2%2Ftags&post=155637"}],"curies":[{"name":"wp","href":"https:\/\/api.w.org\/{rel}","templated":true}]}}