{"id":155639,"date":"2026-04-23T19:42:41","date_gmt":"2026-04-23T22:42:41","guid":{"rendered":"https:\/\/politicanewscascavel.com.br\/2026\/04\/23\/centro-paula-souza-lanca-incubadora-virtual-para-apoiar-startups\/"},"modified":"2026-04-23T19:42:41","modified_gmt":"2026-04-23T22:42:41","slug":"centro-paula-souza-lanca-incubadora-virtual-para-apoiar-startups","status":"publish","type":"post","link":"https:\/\/politicanewscascavel.com.br\/?p=155639","title":{"rendered":"Centro Paula Souza lan\u00e7a incubadora virtual para apoiar startups"},"content":{"rendered":"\n<div>\n<p><strong>Projeto busca incentivar inova\u00e7\u00e3o e empreendedorismo entre estudantes da rede<\/strong><\/p>\n<p>O Centro Paula Souza lan\u00e7ou uma incubadora virtual com foco no desenvolvimento de startups criadas por alunos e ex-alunos da institui\u00e7\u00e3o. A iniciativa pretende estimular o empreendedorismo e a inova\u00e7\u00e3o dentro da rede de ensino.<\/p>\n<p>A proposta \u00e9 oferecer suporte remoto para projetos em fase inicial, com orienta\u00e7\u00e3o t\u00e9cnica e acompanhamento especializado.<\/p>\n<p><strong>Apoio ao desenvolvimento de startups<\/strong><\/p>\n<p>A incubadora funcionar\u00e1 de forma online, permitindo que participantes tenham acesso a mentorias, capacita\u00e7\u00f5es e apoio na estrutura\u00e7\u00e3o de neg\u00f3cios.<\/p>\n<p>O projeto \u00e9 voltado principalmente a ideias nascidas dentro das Escolas T\u00e9cnicas (Etecs) e Faculdades de Tecnologia (Fatecs).<\/p>\n<p><strong>Forma\u00e7\u00e3o empreendedora<\/strong><\/p>\n<p>A iniciativa busca ampliar a forma\u00e7\u00e3o dos estudantes al\u00e9m da sala de aula, incentivando o desenvolvimento de solu\u00e7\u00f5es inovadoras e a cria\u00e7\u00e3o de novos neg\u00f3cios.<\/p>\n<p><strong>Expans\u00e3o do ecossistema<\/strong><\/p>\n<p>Com a incubadora, a institui\u00e7\u00e3o pretende fortalecer o ecossistema de inova\u00e7\u00e3o ligado ao ensino t\u00e9cnico e tecnol\u00f3gico no estado de S\u00e3o Paulo.<\/p>\n<p><strong>HostingPRESS Ag\u00eancia de Not\u00edcias de S\u00e3o Paulo<\/strong><br \/>Conte\u00fado distribu\u00eddo por nossa Central de Jornalismo<br \/>Reprodu\u00e7\u00e3o autorizada mediante cr\u00e9dito da fonte<\/p>\n<p>Portal criado para conectar os leitores da regi\u00e3o ao melhor conte\u00fado<\/p>\n<p>Somos l\u00edderes de audi\u00eancia local. Somos sociais.\u00a0Conecte-se conosco.<\/p>\n<\/p><\/div>\n<section>  \t<img alt=\"Avatar photo\" src=\"https:\/\/hostingpress.com.br\/wp-content\/uploads\/2026\/03\/cropped-Divilgacao-95x95.jpeg\"  height=\"95\" width=\"95\" decoding=\"async\">\t \t<\/p>\n<div>\n<p>Vinicius Moror\u00f3<\/p>\n<p>Editor-Executivo-Regional | Jornalista | Diretor Editorial    Editor-Executivo-Regional da HostingPress Ag\u00eancia de Not\u00edcias de S\u00e3o Paulo, com atua\u00e7\u00e3o voltada \u00e0 coordena\u00e7\u00e3o editorial regional, articula\u00e7\u00e3o com ve\u00edculos parceiros e fortalecimento da distribui\u00e7\u00e3o de conte\u00fado jornal\u00edstico no Estado de S\u00e3o Paulo.      Editor-chefe do Jornal Impacto Cotia, com foco em jornalismo investigativo, interesse p\u00fablico e an\u00e1lise cr\u00edtica de temas pol\u00edticos, sociais e institucionais.<\/p>\n<\/p><\/div>\n<\/section>\n","protected":false},"excerpt":{"rendered":"<p>Projeto busca incentivar inova\u00e7\u00e3o e empreendedorismo entre estudantes da rede O Centro Paula Souza lan\u00e7ou uma incubadora virtual com foco no desenvolvimento de startups criadas por alunos e ex-alunos da institui\u00e7\u00e3o. A iniciativa pretende estimular o empreendedorismo e a inova\u00e7\u00e3o dentro da rede de ensino. A proposta \u00e9 oferecer suporte remoto para projetos em fase<\/p>\n","protected":false},"author":808,"featured_media":155640,"comment_status":"closed","ping_status":"closed","sticky":false,"template":"","format":"standard","meta":{"footnotes":""},"categories":[41],"tags":[],"class_list":{"0":"post-155639","1":"post","2":"type-post","3":"status-publish","4":"format-standard","5":"has-post-thumbnail","7":"category-tecnologia"},"_links":{"self":[{"href":"https:\/\/politicanewscascavel.com.br\/index.php?rest_route=\/wp\/v2\/posts\/155639","targetHints":{"allow":["GET"]}}],"collection":[{"href":"https:\/\/politicanewscascavel.com.br\/index.php?rest_route=\/wp\/v2\/posts"}],"about":[{"href":"https:\/\/politicanewscascavel.com.br\/index.php?rest_route=\/wp\/v2\/types\/post"}],"author":[{"embeddable":true,"href":"https:\/\/politicanewscascavel.com.br\/index.php?rest_route=\/wp\/v2\/users\/808"}],"replies":[{"embeddable":true,"href":"https:\/\/politicanewscascavel.com.br\/index.php?rest_route=%2Fwp%2Fv2%2Fcomments&post=155639"}],"version-history":[{"count":0,"href":"https:\/\/politicanewscascavel.com.br\/index.php?rest_route=\/wp\/v2\/posts\/155639\/revisions"}],"wp:featuredmedia":[{"embeddable":true,"href":"https:\/\/politicanewscascavel.com.br\/index.php?rest_route=\/wp\/v2\/media\/155640"}],"wp:attachment":[{"href":"https:\/\/politicanewscascavel.com.br\/index.php?rest_route=%2Fwp%2Fv2%2Fmedia&parent=155639"}],"wp:term":[{"taxonomy":"category","embeddable":true,"href":"https:\/\/politicanewscascavel.com.br\/index.php?rest_route=%2Fwp%2Fv2%2Fcategories&post=155639"},{"taxonomy":"post_tag","embeddable":true,"href":"https:\/\/politicanewscascavel.com.br\/index.php?rest_route=%2Fwp%2Fv2%2Ftags&post=155639"}],"curies":[{"name":"wp","href":"https:\/\/api.w.org\/{rel}","templated":true}]}}