{"id":155681,"date":"2026-04-07T00:07:00","date_gmt":"2026-04-07T03:07:00","guid":{"rendered":"https:\/\/politicanewscascavel.com.br\/2026\/04\/07\/tarcisio-critica-haddad-e-diz-que-nao-ha-compartilhamento-de-paternidade-em-obras-em-sp\/"},"modified":"2026-04-07T00:07:00","modified_gmt":"2026-04-07T03:07:00","slug":"tarcisio-critica-haddad-e-diz-que-nao-ha-compartilhamento-de-paternidade-em-obras-em-sp","status":"publish","type":"post","link":"https:\/\/politicanewscascavel.com.br\/?p=155681","title":{"rendered":"Tarc\u00edsio critica Haddad e diz que n\u00e3o h\u00e1 compartilhamento de paternidade em obras em SP"},"content":{"rendered":"\n<div>\n<p><strong>Declara\u00e7\u00e3o ocorre ap\u00f3s v\u00eddeos sobre investimentos federais em projetos no estado<\/strong><\/p>\n<p>O governador Tarc\u00edsio de Freitas afirmou que <strong>\u201cn\u00e3o adianta querer compartilhar paternidade\u201d<\/strong> sobre obras em S\u00e3o Paulo, ao comentar v\u00eddeos divulgados pelo ministro Fernando Haddad a respeito de investimentos do governo federal no estado. A declara\u00e7\u00e3o insere o tema no contexto pol\u00edtico e de disputa de narrativas sobre a\u00e7\u00f5es p\u00fablicas.<\/p>\n<p>Segundo as informa\u00e7\u00f5es divulgadas, a fala ocorreu ap\u00f3s a repercuss\u00e3o de conte\u00fados que destacam participa\u00e7\u00e3o federal em projetos realizados em S\u00e3o Paulo. O posicionamento do governador refor\u00e7a diverg\u00eancias sobre a atribui\u00e7\u00e3o de responsabilidade por obras e investimentos, em um cen\u00e1rio que envolve diferentes esferas de governo.<\/p>\n<p>O epis\u00f3dio ocorre em meio a discuss\u00f5es pol\u00edticas mais amplas, incluindo temas ligados \u00e0 gest\u00e3o p\u00fablica e ao cen\u00e1rio eleitoral. As declara\u00e7\u00f5es integram o debate sobre a execu\u00e7\u00e3o de projetos e a comunica\u00e7\u00e3o institucional envolvendo investimentos em infraestrutura.<\/p>\n<p><strong>HostingPRESS Ag\u00eancia de Not\u00edcias de S\u00e3o Paulo<\/strong><br \/>Conte\u00fado distribu\u00eddo por nossa Central de Jornalismo<br \/>Reprodu\u00e7\u00e3o autorizada mediante cr\u00e9dito da fonte<\/p>\n<p>Portal criado para conectar os leitores da regi\u00e3o ao melhor conte\u00fado<\/p>\n<p>Somos l\u00edderes de audi\u00eancia local. Somos sociais.\u00a0Conecte-se conosco.<\/p>\n<\/p><\/div>\n<section>  \t<img alt=\"Avatar photo\" src=\"https:\/\/hostingpress.com.br\/wp-content\/uploads\/2026\/03\/cropped-Divilgacao-95x95.jpeg\"  height=\"95\" width=\"95\" decoding=\"async\">\t \t<\/p>\n<div>\n<p>Vinicius Moror\u00f3<\/p>\n<p>Editor-Executivo-Regional | Jornalista | Diretor Editorial    Editor-Executivo-Regional da HostingPress Ag\u00eancia de Not\u00edcias de S\u00e3o Paulo, com atua\u00e7\u00e3o voltada \u00e0 coordena\u00e7\u00e3o editorial regional, articula\u00e7\u00e3o com ve\u00edculos parceiros e fortalecimento da distribui\u00e7\u00e3o de conte\u00fado jornal\u00edstico no Estado de S\u00e3o Paulo.      Editor-chefe do Jornal Impacto Cotia, com foco em jornalismo investigativo, interesse p\u00fablico e an\u00e1lise cr\u00edtica de temas pol\u00edticos, sociais e institucionais.<\/p>\n<\/p><\/div>\n<\/section>\n","protected":false},"excerpt":{"rendered":"<p>Declara\u00e7\u00e3o ocorre ap\u00f3s v\u00eddeos sobre investimentos federais em projetos no estado O governador Tarc\u00edsio de Freitas afirmou que \u201cn\u00e3o adianta querer compartilhar paternidade\u201d sobre obras em S\u00e3o Paulo, ao comentar v\u00eddeos divulgados pelo ministro Fernando Haddad a respeito de investimentos do governo federal no estado. A declara\u00e7\u00e3o insere o tema no contexto pol\u00edtico e de<\/p>\n","protected":false},"author":808,"featured_media":155682,"comment_status":"closed","ping_status":"closed","sticky":false,"template":"","format":"standard","meta":{"footnotes":""},"categories":[60,1],"tags":[],"class_list":{"0":"post-155681","1":"post","2":"type-post","3":"status-publish","4":"format-standard","5":"has-post-thumbnail","7":"category-governo","8":"category-todas-noticias"},"_links":{"self":[{"href":"https:\/\/politicanewscascavel.com.br\/index.php?rest_route=\/wp\/v2\/posts\/155681","targetHints":{"allow":["GET"]}}],"collection":[{"href":"https:\/\/politicanewscascavel.com.br\/index.php?rest_route=\/wp\/v2\/posts"}],"about":[{"href":"https:\/\/politicanewscascavel.com.br\/index.php?rest_route=\/wp\/v2\/types\/post"}],"author":[{"embeddable":true,"href":"https:\/\/politicanewscascavel.com.br\/index.php?rest_route=\/wp\/v2\/users\/808"}],"replies":[{"embeddable":true,"href":"https:\/\/politicanewscascavel.com.br\/index.php?rest_route=%2Fwp%2Fv2%2Fcomments&post=155681"}],"version-history":[{"count":0,"href":"https:\/\/politicanewscascavel.com.br\/index.php?rest_route=\/wp\/v2\/posts\/155681\/revisions"}],"wp:featuredmedia":[{"embeddable":true,"href":"https:\/\/politicanewscascavel.com.br\/index.php?rest_route=\/wp\/v2\/media\/155682"}],"wp:attachment":[{"href":"https:\/\/politicanewscascavel.com.br\/index.php?rest_route=%2Fwp%2Fv2%2Fmedia&parent=155681"}],"wp:term":[{"taxonomy":"category","embeddable":true,"href":"https:\/\/politicanewscascavel.com.br\/index.php?rest_route=%2Fwp%2Fv2%2Fcategories&post=155681"},{"taxonomy":"post_tag","embeddable":true,"href":"https:\/\/politicanewscascavel.com.br\/index.php?rest_route=%2Fwp%2Fv2%2Ftags&post=155681"}],"curies":[{"name":"wp","href":"https:\/\/api.w.org\/{rel}","templated":true}]}}