{"id":155696,"date":"2026-03-12T05:00:00","date_gmt":"2026-03-12T08:00:00","guid":{"rendered":"https:\/\/politicanewscascavel.com.br\/2026\/03\/12\/governo-de-sp-autoriza-concurso-para-98-pesquisadores-no-instituto-de-pesquisas-ambientais\/"},"modified":"2026-03-12T05:00:00","modified_gmt":"2026-03-12T08:00:00","slug":"governo-de-sp-autoriza-concurso-para-98-pesquisadores-no-instituto-de-pesquisas-ambientais","status":"publish","type":"post","link":"https:\/\/politicanewscascavel.com.br\/?p=155696","title":{"rendered":"Governo de SP autoriza concurso para 98 pesquisadores no Instituto de Pesquisas Ambientais"},"content":{"rendered":"\n<div>\n<p><strong>Sele\u00e7\u00e3o p\u00fablica vai refor\u00e7ar produ\u00e7\u00e3o cient\u00edfica sobre biodiversidade, clima e gest\u00e3o ambiental no estado<\/strong><\/p>\n<p>O Governo do Estado de S\u00e3o Paulo autorizou a realiza\u00e7\u00e3o de um novo concurso p\u00fablico para refor\u00e7ar o quadro t\u00e9cnico do Instituto de Pesquisas Ambientais (IPA). A medida foi publicada nesta quarta-feira (11) e prev\u00ea a abertura de <strong>98 vagas para o cargo de Pesquisador Cient\u00edfico I<\/strong>.<\/p>\n<p>O instituto \u00e9 vinculado \u00e0 Secretaria de Meio Ambiente, Infraestrutura e Log\u00edstica (Semil) e atua na produ\u00e7\u00e3o de conhecimento cient\u00edfico voltado \u00e0 <strong>conserva\u00e7\u00e3o ambiental e ao desenvolvimento sustent\u00e1vel<\/strong>.<\/p>\n<p>A autoriza\u00e7\u00e3o para o certame foi assinada pelo governador Tarc\u00edsio de Freitas.<\/p>\n<p><strong>Remunera\u00e7\u00e3o inicial supera R$ 9 mil<\/strong><\/p>\n<p>O cargo de <strong>Pesquisador Cient\u00edfico I<\/strong> exige forma\u00e7\u00e3o de n\u00edvel superior e oferece <strong>remunera\u00e7\u00e3o inicial de R$ 9.052,47<\/strong>.<\/p>\n<p>Com a autoriza\u00e7\u00e3o publicada, o pr\u00f3ximo passo ser\u00e1 a <strong>cria\u00e7\u00e3o da comiss\u00e3o organizadora do concurso<\/strong>, respons\u00e1vel por:<\/p>\n<ul>\n<li>elaborar o edital<\/li>\n<li>definir a banca examinadora<\/li>\n<li>estabelecer o cronograma das etapas do processo seletivo.<\/li>\n<\/ul>\n<p>A expectativa \u00e9 que o <strong>edital seja divulgado nos pr\u00f3ximos meses<\/strong>, permitindo a contrata\u00e7\u00e3o de novos pesquisadores para fortalecer as atividades cient\u00edficas do instituto.<\/p>\n<p><strong>Pesquisa ambiental e apoio a pol\u00edticas p\u00fablicas<\/strong><\/p>\n<p>Segundo o IPA, a amplia\u00e7\u00e3o do quadro t\u00e9cnico permitir\u00e1 refor\u00e7ar estudos estrat\u00e9gicos sobre o territ\u00f3rio paulista, ampliando a produ\u00e7\u00e3o cient\u00edfica em \u00e1reas como:<\/p>\n<ul>\n<li>biodiversidade<\/li>\n<li>mudan\u00e7as clim\u00e1ticas<\/li>\n<li>conserva\u00e7\u00e3o de ecossistemas<\/li>\n<li>gest\u00e3o e planejamento ambiental.<\/li>\n<\/ul>\n<p>De acordo com o diretor do instituto, Marco Aur\u00e9lio Nalon, a recomposi\u00e7\u00e3o da equipe \u00e9 fundamental para garantir a continuidade das pesquisas.<\/p>\n<p>\u201cA recomposi\u00e7\u00e3o do quadro de pesquisadores \u00e9 fundamental para garantir a continuidade e o avan\u00e7o das pesquisas ambientais desenvolvidas pelo instituto. A chegada de novos profissionais permitir\u00e1 ampliar estudos estrat\u00e9gicos sobre biodiversidade e recursos naturais, que apoiam o planejamento ambiental e a tomada de decis\u00e3o no Estado.\u201d<\/p>\n<p><strong>Concurso integra moderniza\u00e7\u00e3o da carreira cient\u00edfica<\/strong><\/p>\n<p>A realiza\u00e7\u00e3o do concurso tamb\u00e9m faz parte da implementa\u00e7\u00e3o da Lei Complementar n\u00ba 1.435, que modernizou a carreira de <strong>Pesquisador Cient\u00edfico no Estado de S\u00e3o Paulo<\/strong>.<\/p>\n<p>A atualiza\u00e7\u00e3o da legisla\u00e7\u00e3o busca:<\/p>\n<ul>\n<li>valorizar os profissionais da \u00e1rea cient\u00edfica<\/li>\n<li>aprimorar a gest\u00e3o do corpo t\u00e9cnico do Estado<\/li>\n<li>ampliar a capacidade de resposta a desafios ambientais complexos.<\/li>\n<\/ul>\n<p>Segundo o governo estadual, a medida fortalece a estrutura cient\u00edfica respons\u00e1vel por apoiar <strong>pol\u00edticas p\u00fablicas, planejamento territorial e estrat\u00e9gias de sustentabilidade<\/strong> em todo o estado.<\/p>\n<p><strong>HostingPRESS Ag\u00eancia de Not\u00edcias de S\u00e3o Paulo<\/strong><br \/>Conte\u00fado distribu\u00eddo por nossa Central de Jornalismo<br \/>Reprodu\u00e7\u00e3o autorizada mediante cr\u00e9dito da fonte<\/p>\n<p>Portal criado para conectar os leitores da regi\u00e3o ao melhor conte\u00fado<\/p>\n<p>Somos l\u00edderes de audi\u00eancia local. Somos sociais.\u00a0Conecte-se conosco.<\/p>\n<\/p><\/div>\n<section>  \t<img alt=\"Avatar photo\" src=\"https:\/\/hostingpress.com.br\/wp-content\/uploads\/2026\/03\/cropped-Divilgacao-95x95.jpeg\"  height=\"95\" width=\"95\" decoding=\"async\">\t \t<\/p>\n<div>\n<p>Vinicius Moror\u00f3<\/p>\n<p>Editor-Executivo-Regional | Jornalista | Diretor Editorial    Editor-Executivo-Regional da HostingPress Ag\u00eancia de Not\u00edcias de S\u00e3o Paulo, com atua\u00e7\u00e3o voltada \u00e0 coordena\u00e7\u00e3o editorial regional, articula\u00e7\u00e3o com ve\u00edculos parceiros e fortalecimento da distribui\u00e7\u00e3o de conte\u00fado jornal\u00edstico no Estado de S\u00e3o Paulo.      Editor-chefe do Jornal Impacto Cotia, com foco em jornalismo investigativo, interesse p\u00fablico e an\u00e1lise cr\u00edtica de temas pol\u00edticos, sociais e institucionais.<\/p>\n<\/p><\/div>\n<\/section>\n","protected":false},"excerpt":{"rendered":"<p>Sele\u00e7\u00e3o p\u00fablica vai refor\u00e7ar produ\u00e7\u00e3o cient\u00edfica sobre biodiversidade, clima e gest\u00e3o ambiental no estado O Governo do Estado de S\u00e3o Paulo autorizou a realiza\u00e7\u00e3o de um novo concurso p\u00fablico para refor\u00e7ar o quadro t\u00e9cnico do Instituto de Pesquisas Ambientais (IPA). A medida foi publicada nesta quarta-feira (11) e prev\u00ea a abertura de 98 vagas para<\/p>\n","protected":false},"author":808,"featured_media":155697,"comment_status":"closed","ping_status":"closed","sticky":false,"template":"","format":"standard","meta":{"footnotes":""},"categories":[66,1],"tags":[],"class_list":{"0":"post-155696","1":"post","2":"type-post","3":"status-publish","4":"format-standard","5":"has-post-thumbnail","7":"category-concursos","8":"category-todas-noticias"},"_links":{"self":[{"href":"https:\/\/politicanewscascavel.com.br\/index.php?rest_route=\/wp\/v2\/posts\/155696","targetHints":{"allow":["GET"]}}],"collection":[{"href":"https:\/\/politicanewscascavel.com.br\/index.php?rest_route=\/wp\/v2\/posts"}],"about":[{"href":"https:\/\/politicanewscascavel.com.br\/index.php?rest_route=\/wp\/v2\/types\/post"}],"author":[{"embeddable":true,"href":"https:\/\/politicanewscascavel.com.br\/index.php?rest_route=\/wp\/v2\/users\/808"}],"replies":[{"embeddable":true,"href":"https:\/\/politicanewscascavel.com.br\/index.php?rest_route=%2Fwp%2Fv2%2Fcomments&post=155696"}],"version-history":[{"count":0,"href":"https:\/\/politicanewscascavel.com.br\/index.php?rest_route=\/wp\/v2\/posts\/155696\/revisions"}],"wp:featuredmedia":[{"embeddable":true,"href":"https:\/\/politicanewscascavel.com.br\/index.php?rest_route=\/wp\/v2\/media\/155697"}],"wp:attachment":[{"href":"https:\/\/politicanewscascavel.com.br\/index.php?rest_route=%2Fwp%2Fv2%2Fmedia&parent=155696"}],"wp:term":[{"taxonomy":"category","embeddable":true,"href":"https:\/\/politicanewscascavel.com.br\/index.php?rest_route=%2Fwp%2Fv2%2Fcategories&post=155696"},{"taxonomy":"post_tag","embeddable":true,"href":"https:\/\/politicanewscascavel.com.br\/index.php?rest_route=%2Fwp%2Fv2%2Ftags&post=155696"}],"curies":[{"name":"wp","href":"https:\/\/api.w.org\/{rel}","templated":true}]}}