{"id":155698,"date":"2026-03-12T05:00:00","date_gmt":"2026-03-12T08:00:00","guid":{"rendered":"https:\/\/politicanewscascavel.com.br\/2026\/03\/12\/centro-paula-souza-abre-concursos-para-240-vagas-de-professores-em-etecs-e-fatecs\/"},"modified":"2026-03-12T05:00:00","modified_gmt":"2026-03-12T08:00:00","slug":"centro-paula-souza-abre-concursos-para-240-vagas-de-professores-em-etecs-e-fatecs","status":"publish","type":"post","link":"https:\/\/politicanewscascavel.com.br\/?p=155698","title":{"rendered":"Centro Paula Souza abre concursos para 240 vagas de professores em Etecs e Fatecs"},"content":{"rendered":"\n<div>\n<p><strong>Editais j\u00e1 publicados contemplam 227 vagas para Escolas T\u00e9cnicas e 13 para Faculdades de Tecnologia em munic\u00edpios paulistas<\/strong><\/p>\n<p>O Centro Paula Souza publicou editais de concursos p\u00fablicos para <strong>240 vagas de professores<\/strong> em unidades da rede estadual de ensino t\u00e9cnico e tecnol\u00f3gico. As oportunidades contemplam <strong>227 vagas para as Escolas T\u00e9cnicas Estaduais (Etecs)<\/strong> e <strong>13 vagas para as Faculdades de Tecnologia (Fatecs)<\/strong>.<\/p>\n<p>As vagas est\u00e3o distribu\u00eddas em <strong>42 munic\u00edpios paulistas para as Etecs<\/strong> e <strong>cinco cidades para as Fatecs<\/strong>.<\/p>\n<p>A iniciativa integra um plano do Governo do Estado de S\u00e3o Paulo que autorizou a abertura de <strong>2.374 vagas em concursos p\u00fablicos<\/strong> no Centro Paula Souza, substituindo cargos atualmente ocupados de forma tempor\u00e1ria.<\/p>\n<p>Do total autorizado, <strong>1.657 vagas s\u00e3o destinadas a professores de Ensino M\u00e9dio e T\u00e9cnico<\/strong> e <strong>717 a docentes de Ensino Superior<\/strong>. Novos editais para preenchimento das demais vagas dever\u00e3o ser divulgados em breve no portal de concursos da institui\u00e7\u00e3o.<\/p>\n<p><strong>Sele\u00e7\u00e3o ser\u00e1 feita pelas unidades de ensino<\/strong><\/p>\n<p>A sele\u00e7\u00e3o dos candidatos ser\u00e1 conduzida pelas pr\u00f3prias unidades de ensino que ofertam as vagas. Por isso, os interessados devem acompanhar os cronogramas espec\u00edficos de cada edital no site oficial do Centro Paula Souza, j\u00e1 que as <strong>datas de inscri\u00e7\u00e3o podem variar<\/strong>.<\/p>\n<p>Segundo o presidente da institui\u00e7\u00e3o, Cl\u00f3vis Dias, o objetivo \u00e9 fortalecer a forma\u00e7\u00e3o profissional.<\/p>\n<p>\u201cCom essa iniciativa, o Centro Paula Souza pretende contratar educadores que tenham como objetivo formar profissionais capacitados para o mundo do trabalho e tamb\u00e9m para o exerc\u00edcio da cidadania.\u201d<\/p>\n<p>O vice-presidente da institui\u00e7\u00e3o, Maycon Geres, destacou a import\u00e2ncia da atua\u00e7\u00e3o docente no processo de inova\u00e7\u00e3o educacional.<\/p>\n<p>\u201cProcuramos docentes com dom\u00ednio dos conte\u00fados que v\u00e3o ministrar e com t\u00e9cnicas que despertem o interesse dos alunos e os tornem protagonistas no processo de aprendizagem.\u201d<\/p>\n<p><strong>Taxa de inscri\u00e7\u00e3o e benef\u00edcios<\/strong><\/p>\n<p>A taxa de inscri\u00e7\u00e3o \u00e9 de <strong>R$ 126,79<\/strong> para ambas as carreiras professores de Ensino M\u00e9dio e T\u00e9cnico e docentes de Ensino Superior.<\/p>\n<p>Candidatos que se enquadrem nos crit\u00e9rios estabelecidos em edital poder\u00e3o solicitar:<\/p>\n<ul>\n<li><strong>redu\u00e7\u00e3o da taxa<\/strong><\/li>\n<li><strong>isen\u00e7\u00e3o do pagamento<\/strong><\/li>\n<\/ul>\n<p>O pedido deve ser feito conforme as regras publicadas no edital no <strong>Di\u00e1rio Oficial do Estado<\/strong>.<\/p>\n<p>As inscri\u00e7\u00f5es devem ser realizadas <strong>exclusivamente pela internet<\/strong>, por meio do formul\u00e1rio dispon\u00edvel no portal de concursos do Centro Paula Souza.<\/p>\n<p><strong>Requisitos para participar<\/strong><\/p>\n<p>Para concorrer \u00e0s vagas nas <strong>Etecs<\/strong>, o candidato deve possuir:<\/p>\n<ul>\n<li>licenciatura<\/li>\n<li>bacharelado<\/li>\n<li>ou gradua\u00e7\u00e3o tecnol\u00f3gica com habilita\u00e7\u00e3o equivalente \u00e0 \u00e1rea da disciplina.<\/li>\n<\/ul>\n<p>J\u00e1 para atuar nas <strong>Fatecs<\/strong>, \u00e9 necess\u00e1rio:<\/p>\n<ul>\n<li>possuir <strong>especializa\u00e7\u00e3o lato sensu<\/strong>, no m\u00ednimo<\/li>\n<li>comprovar <strong>experi\u00eancia profissional na \u00e1rea<\/strong>.<\/li>\n<\/ul>\n<p>Para disciplinas de l\u00edngua estrangeira, \u00e9 exigido <strong>certificado internacional de profici\u00eancia v\u00e1lido<\/strong>.<\/p>\n<p><strong>Etapas do processo seletivo<\/strong><\/p>\n<p><strong>Professores de Etecs<\/strong><\/p>\n<p>O processo seletivo inclui:<\/p>\n<ul>\n<li>prova objetiva com quest\u00f5es de m\u00faltipla escolha<\/li>\n<li>prova did\u00e1tica, com apresenta\u00e7\u00e3o de aula \u00e0 banca avaliadora<\/li>\n<li>prova de t\u00edtulos, com an\u00e1lise da forma\u00e7\u00e3o acad\u00eamica.<\/li>\n<\/ul>\n<p><strong>Professores de Fatecs<\/strong><\/p>\n<p>Os candidatos passar\u00e3o por:<\/p>\n<ul>\n<li>prova de conhecimentos espec\u00edficos<\/li>\n<li>prova did\u00e1tica (aula demonstrativa)<\/li>\n<li>an\u00e1lise de memorial acad\u00eamico e profissional.<\/li>\n<\/ul>\n<p>Candidatos <strong>pretos, pardos ou ind\u00edgenas<\/strong> podem optar pelo <strong>Sistema de Pontua\u00e7\u00e3o Diferenciada<\/strong>, conforme previsto no Decreto Estadual n\u00ba 63.979\/2018.<\/p>\n<p><strong>Remunera\u00e7\u00e3o<\/strong><\/p>\n<p><strong>Etecs<\/strong><\/p>\n<p>A remunera\u00e7\u00e3o inicial para professores de Ensino M\u00e9dio e T\u00e9cnico \u00e9 de <strong>R$ 22,47 por hora-aula<\/strong>, acrescida de <strong>30% de hora-atividade<\/strong>.<\/p>\n<p>A carga m\u00e1xima \u00e9 de <strong>34 horas-aula semanais<\/strong>.<\/p>\n<p><strong>Fatecs<\/strong><\/p>\n<p>Para docentes de Ensino Superior, a remunera\u00e7\u00e3o inicial \u00e9 de <strong>R$ 37,99 por hora-aula<\/strong>, com acr\u00e9scimo de <strong>50% de hora-atividade<\/strong>.<\/p>\n<p>A atribui\u00e7\u00e3o m\u00e1xima \u00e9 de <strong>29 horas-aula semanais<\/strong>.<\/p>\n<p><strong>Nomea\u00e7\u00f5es previstas para 2026<\/strong><\/p>\n<p>As contrata\u00e7\u00f5es dos aprovados est\u00e3o previstas para <strong>2026<\/strong>, desde que os concursos sejam homologados at\u00e9 <strong>3 de julho<\/strong>, prazo relacionado \u00e0s restri\u00e7\u00f5es do per\u00edodo eleitoral.<\/p>\n<p>O concurso ter\u00e1 <strong>validade de dois anos<\/strong>, podendo ser prorrogado por igual per\u00edodo.<\/p>\n<p><strong>Distribui\u00e7\u00e3o das vagas<\/strong><\/p>\n<p><strong>Etecs 227 vagas<\/strong><\/p>\n<p>Entre as cidades contempladas est\u00e3o:<\/p>\n<ul>\n<li>S\u00e3o Paulo 22 vagas<\/li>\n<li>Itapetininga 26 vagas<\/li>\n<li>Birigui 18 vagas<\/li>\n<li>Cotia 9 vagas<\/li>\n<li>Guarulhos 2 vagas<\/li>\n<li>Bauru 2 vagas<\/li>\n<\/ul>\n<p>Outras cidades incluem Limeira, Mau\u00e1, Santana de Parna\u00edba, Sorocaba, Tabo\u00e3o da Serra, Iguape, Franca, Mairipor\u00e3 e Fernand\u00f3polis, entre outras.<\/p>\n<p><strong>Fatecs 13 vagas<\/strong><\/p>\n<p>As oportunidades est\u00e3o distribu\u00eddas em:<\/p>\n<ul>\n<li>Franco da Rocha 7 vagas<\/li>\n<li>Mar\u00edlia 3 vagas<\/li>\n<li>Itu 1 vaga<\/li>\n<li>Ja\u00fa 1 vaga<\/li>\n<li>S\u00e3o Paulo 1 vaga<\/li>\n<\/ul>\n<p>\ud83d\udccc <strong>Mais informa\u00e7\u00f5es<\/strong> e acesso aos editais est\u00e3o dispon\u00edveis no portal de <strong>Concursos P\u00fablicos do Centro Paula Souza<\/strong>.<\/p>\n<\/p><\/div>\n<section>  \t<img alt=\"Avatar photo\" src=\"https:\/\/hostingpress.com.br\/wp-content\/uploads\/2026\/03\/cropped-Divilgacao-95x95.jpeg\"  height=\"95\" width=\"95\" decoding=\"async\">\t \t<\/p>\n<div>\n<p>Vinicius Moror\u00f3<\/p>\n<p>Editor-Executivo-Regional | Jornalista | Diretor Editorial    Editor-Executivo-Regional da HostingPress Ag\u00eancia de Not\u00edcias de S\u00e3o Paulo, com atua\u00e7\u00e3o voltada \u00e0 coordena\u00e7\u00e3o editorial regional, articula\u00e7\u00e3o com ve\u00edculos parceiros e fortalecimento da distribui\u00e7\u00e3o de conte\u00fado jornal\u00edstico no Estado de S\u00e3o Paulo.      Editor-chefe do Jornal Impacto Cotia, com foco em jornalismo investigativo, interesse p\u00fablico e an\u00e1lise cr\u00edtica de temas pol\u00edticos, sociais e institucionais.<\/p>\n<\/p><\/div>\n<\/section>\n","protected":false},"excerpt":{"rendered":"<p>Editais j\u00e1 publicados contemplam 227 vagas para Escolas T\u00e9cnicas e 13 para Faculdades de Tecnologia em munic\u00edpios paulistas O Centro Paula Souza publicou editais de concursos p\u00fablicos para 240 vagas de professores em unidades da rede estadual de ensino t\u00e9cnico e tecnol\u00f3gico. As oportunidades contemplam 227 vagas para as Escolas T\u00e9cnicas Estaduais (Etecs) e 13<\/p>\n","protected":false},"author":808,"featured_media":155699,"comment_status":"closed","ping_status":"closed","sticky":false,"template":"","format":"standard","meta":{"footnotes":""},"categories":[66,1],"tags":[],"class_list":{"0":"post-155698","1":"post","2":"type-post","3":"status-publish","4":"format-standard","5":"has-post-thumbnail","7":"category-concursos","8":"category-todas-noticias"},"_links":{"self":[{"href":"https:\/\/politicanewscascavel.com.br\/index.php?rest_route=\/wp\/v2\/posts\/155698","targetHints":{"allow":["GET"]}}],"collection":[{"href":"https:\/\/politicanewscascavel.com.br\/index.php?rest_route=\/wp\/v2\/posts"}],"about":[{"href":"https:\/\/politicanewscascavel.com.br\/index.php?rest_route=\/wp\/v2\/types\/post"}],"author":[{"embeddable":true,"href":"https:\/\/politicanewscascavel.com.br\/index.php?rest_route=\/wp\/v2\/users\/808"}],"replies":[{"embeddable":true,"href":"https:\/\/politicanewscascavel.com.br\/index.php?rest_route=%2Fwp%2Fv2%2Fcomments&post=155698"}],"version-history":[{"count":0,"href":"https:\/\/politicanewscascavel.com.br\/index.php?rest_route=\/wp\/v2\/posts\/155698\/revisions"}],"wp:featuredmedia":[{"embeddable":true,"href":"https:\/\/politicanewscascavel.com.br\/index.php?rest_route=\/wp\/v2\/media\/155699"}],"wp:attachment":[{"href":"https:\/\/politicanewscascavel.com.br\/index.php?rest_route=%2Fwp%2Fv2%2Fmedia&parent=155698"}],"wp:term":[{"taxonomy":"category","embeddable":true,"href":"https:\/\/politicanewscascavel.com.br\/index.php?rest_route=%2Fwp%2Fv2%2Fcategories&post=155698"},{"taxonomy":"post_tag","embeddable":true,"href":"https:\/\/politicanewscascavel.com.br\/index.php?rest_route=%2Fwp%2Fv2%2Ftags&post=155698"}],"curies":[{"name":"wp","href":"https:\/\/api.w.org\/{rel}","templated":true}]}}