{"id":155708,"date":"2026-03-27T10:43:00","date_gmt":"2026-03-27T13:43:00","guid":{"rendered":"https:\/\/politicanewscascavel.com.br\/2026\/03\/27\/peca-a-pediatra-estreia-no-sesc-pinheiros-e-leva-publico-ao-teatro-em-sao-paulo\/"},"modified":"2026-03-27T10:43:00","modified_gmt":"2026-03-27T13:43:00","slug":"peca-a-pediatra-estreia-no-sesc-pinheiros-e-leva-publico-ao-teatro-em-sao-paulo","status":"publish","type":"post","link":"https:\/\/politicanewscascavel.com.br\/?p=155708","title":{"rendered":"Pe\u00e7a A Pediatra estreia no Sesc Pinheiros e leva p\u00fablico ao teatro em S\u00e3o Paulo"},"content":{"rendered":"\n<div>\n<p><strong>Adapta\u00e7\u00e3o do livro de Andr\u00e9a Del Fuego convida espectadores a acompanhar personagem central em montagem teatral<\/strong><\/p>\n<p>A pe\u00e7a <em>A Pediatra<\/em> est\u00e1 em cartaz no Audit\u00f3rio do Sesc Pinheiros, na zona oeste de S\u00e3o Paulo, e convida o p\u00fablico a acompanhar a adapta\u00e7\u00e3o do romance da escritora Andr\u00e9a Del Fuego.<\/p>\n<p>A montagem estreou em mar\u00e7o e segue em temporada at\u00e9 <strong>18 de abril<\/strong>, com sess\u00f5es de quinta a s\u00e1bado, al\u00e9m de apresenta\u00e7\u00f5es extras em datas espec\u00edficas.<\/p>\n<p>Sob dire\u00e7\u00e3o de Inez Viana, o espet\u00e1culo traz a atriz Debora Lamm no papel de Cec\u00edlia, uma m\u00e9dica pediatra cuja trajet\u00f3ria \u00e9 marcada por conflitos pessoais e comportamentais.<\/p>\n<p>A produ\u00e7\u00e3o apresenta ao p\u00fablico uma narrativa que transita entre <strong>drama e humor<\/strong>, explorando as contradi\u00e7\u00f5es da personagem em um ambiente profissional e emocional complexo.<\/p>\n<p>A pe\u00e7a tem atra\u00eddo aten\u00e7\u00e3o desde a estreia, com sess\u00f5es j\u00e1 esgotadas em parte da temporada, indicando alta procura por ingressos.<\/p>\n<p>O espet\u00e1culo tamb\u00e9m marca a adapta\u00e7\u00e3o de uma obra liter\u00e1ria que ganhou repercuss\u00e3o nacional e internacional, tendo sido traduzida para diversos idiomas.<\/p>\n<p>\ud83d\udccd <strong>Servi\u00e7o ao p\u00fablico<\/strong><br \/>\u2022 Local: Sesc Pinheiros<br \/>\u2022 Endere\u00e7o: Rua Paes Leme, 195 Pinheiros<br \/>\u2022 Per\u00edodo: at\u00e9 18 de abril<br \/>\u2022 Sess\u00f5es: quinta a s\u00e1bado, \u00e0s 20h30<br \/>\u2022 Sess\u00f5es extras: 27\/3, 10 e 17\/4, \u00e0s 16h<br \/>\u2022 Ingressos: esgotados para algumas datas<\/p>\n<p>O livro que deu origem \u00e0 pe\u00e7a tamb\u00e9m est\u00e1 dispon\u00edvel ao p\u00fablico e integra o cat\u00e1logo da editora Companhia das Letras.<\/p>\n<p>A montagem integra a programa\u00e7\u00e3o cultural da cidade e amplia a oferta de espet\u00e1culos teatrais em cartaz na capital paulista.<\/p>\n<p><strong>HostingPRESS Ag\u00eancia de Not\u00edcias de S\u00e3o Paulo<\/strong><br \/>Conte\u00fado distribu\u00eddo por nossa Central de Jornalismo<br \/>Reprodu\u00e7\u00e3o autorizada mediante cr\u00e9dito da fonte<\/p>\n<p>Portal criado para conectar os leitores da regi\u00e3o ao melhor conte\u00fado<\/p>\n<p>Somos l\u00edderes de audi\u00eancia local. Somos sociais.\u00a0Conecte-se conosco.<\/p>\n<\/p><\/div>\n<section>  \t<img alt=\"Avatar photo\" src=\"https:\/\/hostingpress.com.br\/wp-content\/uploads\/2026\/03\/cropped-Divilgacao-95x95.jpeg\"  height=\"95\" width=\"95\" decoding=\"async\">\t \t<\/p>\n<div>\n<p>Vinicius Moror\u00f3<\/p>\n<p>Editor-Executivo-Regional | Jornalista | Diretor Editorial    Editor-Executivo-Regional da HostingPress Ag\u00eancia de Not\u00edcias de S\u00e3o Paulo, com atua\u00e7\u00e3o voltada \u00e0 coordena\u00e7\u00e3o editorial regional, articula\u00e7\u00e3o com ve\u00edculos parceiros e fortalecimento da distribui\u00e7\u00e3o de conte\u00fado jornal\u00edstico no Estado de S\u00e3o Paulo.      Editor-chefe do Jornal Impacto Cotia, com foco em jornalismo investigativo, interesse p\u00fablico e an\u00e1lise cr\u00edtica de temas pol\u00edticos, sociais e institucionais.<\/p>\n<\/p><\/div>\n<\/section>\n","protected":false},"excerpt":{"rendered":"<p>Adapta\u00e7\u00e3o do livro de Andr\u00e9a Del Fuego convida espectadores a acompanhar personagem central em montagem teatral A pe\u00e7a A Pediatra est\u00e1 em cartaz no Audit\u00f3rio do Sesc Pinheiros, na zona oeste de S\u00e3o Paulo, e convida o p\u00fablico a acompanhar a adapta\u00e7\u00e3o do romance da escritora Andr\u00e9a Del Fuego. A montagem estreou em mar\u00e7o e<\/p>\n","protected":false},"author":808,"featured_media":155709,"comment_status":"closed","ping_status":"closed","sticky":false,"template":"","format":"standard","meta":{"footnotes":""},"categories":[70,1],"tags":[],"class_list":{"0":"post-155708","1":"post","2":"type-post","3":"status-publish","4":"format-standard","5":"has-post-thumbnail","7":"category-cinema-humor-e-teatro","8":"category-todas-noticias"},"_links":{"self":[{"href":"https:\/\/politicanewscascavel.com.br\/index.php?rest_route=\/wp\/v2\/posts\/155708","targetHints":{"allow":["GET"]}}],"collection":[{"href":"https:\/\/politicanewscascavel.com.br\/index.php?rest_route=\/wp\/v2\/posts"}],"about":[{"href":"https:\/\/politicanewscascavel.com.br\/index.php?rest_route=\/wp\/v2\/types\/post"}],"author":[{"embeddable":true,"href":"https:\/\/politicanewscascavel.com.br\/index.php?rest_route=\/wp\/v2\/users\/808"}],"replies":[{"embeddable":true,"href":"https:\/\/politicanewscascavel.com.br\/index.php?rest_route=%2Fwp%2Fv2%2Fcomments&post=155708"}],"version-history":[{"count":0,"href":"https:\/\/politicanewscascavel.com.br\/index.php?rest_route=\/wp\/v2\/posts\/155708\/revisions"}],"wp:featuredmedia":[{"embeddable":true,"href":"https:\/\/politicanewscascavel.com.br\/index.php?rest_route=\/wp\/v2\/media\/155709"}],"wp:attachment":[{"href":"https:\/\/politicanewscascavel.com.br\/index.php?rest_route=%2Fwp%2Fv2%2Fmedia&parent=155708"}],"wp:term":[{"taxonomy":"category","embeddable":true,"href":"https:\/\/politicanewscascavel.com.br\/index.php?rest_route=%2Fwp%2Fv2%2Fcategories&post=155708"},{"taxonomy":"post_tag","embeddable":true,"href":"https:\/\/politicanewscascavel.com.br\/index.php?rest_route=%2Fwp%2Fv2%2Ftags&post=155708"}],"curies":[{"name":"wp","href":"https:\/\/api.w.org\/{rel}","templated":true}]}}