{"id":155710,"date":"2026-03-27T10:23:00","date_gmt":"2026-03-27T13:23:00","guid":{"rendered":"https:\/\/politicanewscascavel.com.br\/2026\/03\/27\/filho-de-pablo-escobar-apresenta-serie-sobre-infancia-e-propoe-reflexao-sobre-legado-do-narcotrafico\/"},"modified":"2026-03-27T10:23:00","modified_gmt":"2026-03-27T13:23:00","slug":"filho-de-pablo-escobar-apresenta-serie-sobre-infancia-e-propoe-reflexao-sobre-legado-do-narcotrafico","status":"publish","type":"post","link":"https:\/\/politicanewscascavel.com.br\/?p=155710","title":{"rendered":"Filho de Pablo Escobar apresenta s\u00e9rie sobre inf\u00e2ncia e prop\u00f5e reflex\u00e3o sobre legado do narcotr\u00e1fico"},"content":{"rendered":"\n<div>\n<p><strong>Produ\u00e7\u00e3o retrata ambiente vivido durante auge do cartel e destaca trajet\u00f3ria de mudan\u00e7a ap\u00f3s a morte do traficante<\/strong><\/p>\n<p>Sebasti\u00e1n Marroqu\u00edn, filho do narcotraficante Pablo Escobar, participa da cria\u00e7\u00e3o da s\u00e9rie <em>Dear Killer Nannies: Criado por Assassinos<\/em>, que retrata sua inf\u00e2ncia em meio ao ambiente de viol\u00eancia e isolamento durante o per\u00edodo de atua\u00e7\u00e3o do cartel na Col\u00f4mbia.<\/p>\n<p>A produ\u00e7\u00e3o tem estreia prevista para <strong>1\u00ba de abril<\/strong> na plataforma Disney+ e aborda a viv\u00eancia de Marroqu\u00edn ainda crian\u00e7a, quando era protegido por homens armados e vivia sob forte esquema de seguran\u00e7a em Medell\u00edn.<\/p>\n<p>Nos epis\u00f3dios iniciais, apresentados no festival Series Mania, na Fran\u00e7a, a narrativa acompanha o personagem inspirado em sua inf\u00e2ncia e o processo de percep\u00e7\u00e3o sobre a realidade envolvendo o pai.<\/p>\n<p>Segundo Marroqu\u00edn, a proposta da s\u00e9rie \u00e9 apresentar uma abordagem que n\u00e3o tenha como foco a valoriza\u00e7\u00e3o do crime, mas sim a possibilidade de mudan\u00e7a de trajet\u00f3ria.<\/p>\n<p>Ap\u00f3s a morte de Pablo Escobar, em 1993, durante opera\u00e7\u00e3o das for\u00e7as de seguran\u00e7a colombianas, ele e sua fam\u00edlia passaram a viver sob nova identidade.<\/p>\n<p>O criador tamb\u00e9m tem se manifestado sobre representa\u00e7\u00f5es anteriores do narcotraficante em produ\u00e7\u00f5es audiovisuais, apontando que algumas abordagens podem contribuir para interpreta\u00e7\u00f5es equivocadas sobre o tema.<\/p>\n<p>A s\u00e9rie foi desenvolvida em parceria com Sebasti\u00e1n Ortega e Pablo Farina e apresenta epis\u00f3dios que exploram aspectos emocionais e contextuais da inf\u00e2ncia em um ambiente marcado por viol\u00eancia.<\/p>\n<p>Atualmente, Marroqu\u00edn atua como arquiteto, designer e escritor, e afirma que utiliza sua hist\u00f3ria como forma de abordar consequ\u00eancias e reflex\u00f5es relacionadas ao passado.<\/p>\n<p><strong>HostingPRESS Ag\u00eancia de Not\u00edcias de S\u00e3o Paulo<\/strong><br \/>Conte\u00fado distribu\u00eddo por nossa Central de Jornalismo<br \/>Reprodu\u00e7\u00e3o autorizada mediante cr\u00e9dito da fonte<\/p>\n<p>Portal criado para conectar os leitores da regi\u00e3o ao melhor conte\u00fado<\/p>\n<p>Somos l\u00edderes de audi\u00eancia local. Somos sociais.\u00a0Conecte-se conosco.<\/p>\n<\/p><\/div>\n<section>  \t<img alt=\"Avatar photo\" src=\"https:\/\/hostingpress.com.br\/wp-content\/uploads\/2026\/03\/cropped-Divilgacao-95x95.jpeg\"  height=\"95\" width=\"95\" decoding=\"async\">\t \t<\/p>\n<div>\n<p>Vinicius Moror\u00f3<\/p>\n<p>Editor-Executivo-Regional | Jornalista | Diretor Editorial    Editor-Executivo-Regional da HostingPress Ag\u00eancia de Not\u00edcias de S\u00e3o Paulo, com atua\u00e7\u00e3o voltada \u00e0 coordena\u00e7\u00e3o editorial regional, articula\u00e7\u00e3o com ve\u00edculos parceiros e fortalecimento da distribui\u00e7\u00e3o de conte\u00fado jornal\u00edstico no Estado de S\u00e3o Paulo.      Editor-chefe do Jornal Impacto Cotia, com foco em jornalismo investigativo, interesse p\u00fablico e an\u00e1lise cr\u00edtica de temas pol\u00edticos, sociais e institucionais.<\/p>\n<\/p><\/div>\n<\/section>\n","protected":false},"excerpt":{"rendered":"<p>Produ\u00e7\u00e3o retrata ambiente vivido durante auge do cartel e destaca trajet\u00f3ria de mudan\u00e7a ap\u00f3s a morte do traficante Sebasti\u00e1n Marroqu\u00edn, filho do narcotraficante Pablo Escobar, participa da cria\u00e7\u00e3o da s\u00e9rie Dear Killer Nannies: Criado por Assassinos, que retrata sua inf\u00e2ncia em meio ao ambiente de viol\u00eancia e isolamento durante o per\u00edodo de atua\u00e7\u00e3o do cartel<\/p>\n","protected":false},"author":808,"featured_media":155711,"comment_status":"closed","ping_status":"closed","sticky":false,"template":"","format":"standard","meta":{"footnotes":""},"categories":[70,1],"tags":[],"class_list":{"0":"post-155710","1":"post","2":"type-post","3":"status-publish","4":"format-standard","5":"has-post-thumbnail","7":"category-cinema-humor-e-teatro","8":"category-todas-noticias"},"_links":{"self":[{"href":"https:\/\/politicanewscascavel.com.br\/index.php?rest_route=\/wp\/v2\/posts\/155710","targetHints":{"allow":["GET"]}}],"collection":[{"href":"https:\/\/politicanewscascavel.com.br\/index.php?rest_route=\/wp\/v2\/posts"}],"about":[{"href":"https:\/\/politicanewscascavel.com.br\/index.php?rest_route=\/wp\/v2\/types\/post"}],"author":[{"embeddable":true,"href":"https:\/\/politicanewscascavel.com.br\/index.php?rest_route=\/wp\/v2\/users\/808"}],"replies":[{"embeddable":true,"href":"https:\/\/politicanewscascavel.com.br\/index.php?rest_route=%2Fwp%2Fv2%2Fcomments&post=155710"}],"version-history":[{"count":0,"href":"https:\/\/politicanewscascavel.com.br\/index.php?rest_route=\/wp\/v2\/posts\/155710\/revisions"}],"wp:featuredmedia":[{"embeddable":true,"href":"https:\/\/politicanewscascavel.com.br\/index.php?rest_route=\/wp\/v2\/media\/155711"}],"wp:attachment":[{"href":"https:\/\/politicanewscascavel.com.br\/index.php?rest_route=%2Fwp%2Fv2%2Fmedia&parent=155710"}],"wp:term":[{"taxonomy":"category","embeddable":true,"href":"https:\/\/politicanewscascavel.com.br\/index.php?rest_route=%2Fwp%2Fv2%2Fcategories&post=155710"},{"taxonomy":"post_tag","embeddable":true,"href":"https:\/\/politicanewscascavel.com.br\/index.php?rest_route=%2Fwp%2Fv2%2Ftags&post=155710"}],"curies":[{"name":"wp","href":"https:\/\/api.w.org\/{rel}","templated":true}]}}