{"id":155720,"date":"2026-03-08T06:00:00","date_gmt":"2026-03-08T09:00:00","guid":{"rendered":"https:\/\/politicanewscascavel.com.br\/2026\/03\/08\/pao-de-fermentacao-natural-e-cafe-especial-conheca-a-padaria-na-fila-do-pao-perto-da-estacao-santa-cecilia\/"},"modified":"2026-03-08T06:00:00","modified_gmt":"2026-03-08T09:00:00","slug":"pao-de-fermentacao-natural-e-cafe-especial-conheca-a-padaria-na-fila-do-pao-perto-da-estacao-santa-cecilia","status":"publish","type":"post","link":"https:\/\/politicanewscascavel.com.br\/?p=155720","title":{"rendered":"P\u00e3o de fermenta\u00e7\u00e3o natural e caf\u00e9 especial: conhe\u00e7a a padaria Na Fila do P\u00e3o perto da esta\u00e7\u00e3o Santa Cec\u00edlia"},"content":{"rendered":"\n<div>\n<p><strong>Casa artesanal na Consola\u00e7\u00e3o atrai p\u00fablico com p\u00e3o de queijo na chapa e bebidas especiais<\/strong><\/p>\n<p>A padaria artesanal <strong>Na Fila do P\u00e3o<\/strong>, localizada na regi\u00e3o da Consola\u00e7\u00e3o, pr\u00f3ximo \u00e0 esta\u00e7\u00e3o Santa Cec\u00edlia da Linha 3\u2013Vermelha do metr\u00f4, se tornou ponto de parada para quem busca p\u00e3es de fermenta\u00e7\u00e3o natural e itens de caf\u00e9 da manh\u00e3 na regi\u00e3o central de S\u00e3o Paulo.<\/p>\n<p>O espa\u00e7o \u00e9 comandado pelo padeiro <strong>Di\u00eago Penido<\/strong> e tem como destaque a produ\u00e7\u00e3o artesanal de p\u00e3es e produtos de caf\u00e9 da manh\u00e3.<\/p>\n<p>Entre os itens mais procurados est\u00e1 o <strong>p\u00e3o de queijo da casa<\/strong>, vendido por R$ 12. A receita tamb\u00e9m aparece em uma vers\u00e3o preparada <strong>na chapa com requeij\u00e3o<\/strong>, que custa R$ 21.<\/p>\n<p>Para quem prefere op\u00e7\u00f5es doces, o <strong>bolo de cenoura com calda de chocolate<\/strong> \u00e9 uma das sobremesas mais pedidas e custa R$ 16 a fatia.<\/p>\n<p>Al\u00e9m dos produtos de padaria, a casa oferece bebidas de caf\u00e9 e preparos especiais.<\/p>\n<p>Entre as op\u00e7\u00f5es est\u00e3o:<\/p>\n<ul>\n<li>caf\u00e9 coado<\/li>\n<li><strong>cold brew com xarope de tangerina<\/strong> (R$ 19)<\/li>\n<li><strong>matcha latte com goiabada cremosa<\/strong> (R$ 20)<\/li>\n<\/ul>\n<p>O estabelecimento fica a poucos minutos da <strong>esta\u00e7\u00e3o Santa Cec\u00edlia<\/strong>, na Linha 3\u2013Vermelha, e costuma receber clientes que utilizam o transporte p\u00fablico para circular pela regi\u00e3o central da cidade.<\/p>\n<p><strong>Servi\u00e7o<\/strong><\/p>\n<p><strong>Na Fila do P\u00e3o<\/strong><\/p>\n<p>\ud83d\udccd Rua Jaguaribe, 627 Consola\u00e7\u00e3o, S\u00e3o Paulo<br \/>\ud83d\udcf1 Instagram: @na.filadopao<\/p>\n<p><strong>HostingPRESS Ag\u00eancia de Not\u00edcias de S\u00e3o Paulo<\/strong><br \/>Conte\u00fado distribu\u00eddo por nossa Central de Jornalismo<br \/>Reprodu\u00e7\u00e3o autorizada mediante cr\u00e9dito da fonte<\/p>\n<p>Portal criado para conectar os leitores da regi\u00e3o ao melhor conte\u00fado<\/p>\n<p>Somos l\u00edderes de audi\u00eancia local. Somos sociais.\u00a0Conecte-se conosco.<\/p>\n<\/p><\/div>\n<section>  \t<img alt=\"Avatar photo\" src=\"https:\/\/hostingpress.com.br\/wp-content\/uploads\/2026\/03\/cropped-Divilgacao-95x95.jpeg\"  height=\"95\" width=\"95\" decoding=\"async\">\t \t<\/p>\n<div>\n<p>Vinicius Moror\u00f3<\/p>\n<p>Editor-Executivo-Regional | Jornalista | Diretor Editorial    Editor-Executivo-Regional da HostingPress Ag\u00eancia de Not\u00edcias de S\u00e3o Paulo, com atua\u00e7\u00e3o voltada \u00e0 coordena\u00e7\u00e3o editorial regional, articula\u00e7\u00e3o com ve\u00edculos parceiros e fortalecimento da distribui\u00e7\u00e3o de conte\u00fado jornal\u00edstico no Estado de S\u00e3o Paulo.      Editor-chefe do Jornal Impacto Cotia, com foco em jornalismo investigativo, interesse p\u00fablico e an\u00e1lise cr\u00edtica de temas pol\u00edticos, sociais e institucionais.<\/p>\n<\/p><\/div>\n<\/section>\n","protected":false},"excerpt":{"rendered":"<p>Casa artesanal na Consola\u00e7\u00e3o atrai p\u00fablico com p\u00e3o de queijo na chapa e bebidas especiais A padaria artesanal Na Fila do P\u00e3o, localizada na regi\u00e3o da Consola\u00e7\u00e3o, pr\u00f3ximo \u00e0 esta\u00e7\u00e3o Santa Cec\u00edlia da Linha 3\u2013Vermelha do metr\u00f4, se tornou ponto de parada para quem busca p\u00e3es de fermenta\u00e7\u00e3o natural e itens de caf\u00e9 da manh\u00e3<\/p>\n","protected":false},"author":808,"featured_media":155721,"comment_status":"closed","ping_status":"closed","sticky":false,"template":"","format":"standard","meta":{"footnotes":""},"categories":[74,1],"tags":[],"class_list":{"0":"post-155720","1":"post","2":"type-post","3":"status-publish","4":"format-standard","5":"has-post-thumbnail","7":"category-bares-e-restaurantes","8":"category-todas-noticias"},"_links":{"self":[{"href":"https:\/\/politicanewscascavel.com.br\/index.php?rest_route=\/wp\/v2\/posts\/155720","targetHints":{"allow":["GET"]}}],"collection":[{"href":"https:\/\/politicanewscascavel.com.br\/index.php?rest_route=\/wp\/v2\/posts"}],"about":[{"href":"https:\/\/politicanewscascavel.com.br\/index.php?rest_route=\/wp\/v2\/types\/post"}],"author":[{"embeddable":true,"href":"https:\/\/politicanewscascavel.com.br\/index.php?rest_route=\/wp\/v2\/users\/808"}],"replies":[{"embeddable":true,"href":"https:\/\/politicanewscascavel.com.br\/index.php?rest_route=%2Fwp%2Fv2%2Fcomments&post=155720"}],"version-history":[{"count":0,"href":"https:\/\/politicanewscascavel.com.br\/index.php?rest_route=\/wp\/v2\/posts\/155720\/revisions"}],"wp:featuredmedia":[{"embeddable":true,"href":"https:\/\/politicanewscascavel.com.br\/index.php?rest_route=\/wp\/v2\/media\/155721"}],"wp:attachment":[{"href":"https:\/\/politicanewscascavel.com.br\/index.php?rest_route=%2Fwp%2Fv2%2Fmedia&parent=155720"}],"wp:term":[{"taxonomy":"category","embeddable":true,"href":"https:\/\/politicanewscascavel.com.br\/index.php?rest_route=%2Fwp%2Fv2%2Fcategories&post=155720"},{"taxonomy":"post_tag","embeddable":true,"href":"https:\/\/politicanewscascavel.com.br\/index.php?rest_route=%2Fwp%2Fv2%2Ftags&post=155720"}],"curies":[{"name":"wp","href":"https:\/\/api.w.org\/{rel}","templated":true}]}}