{"id":155775,"date":"2026-04-02T22:11:00","date_gmt":"2026-04-03T01:11:00","guid":{"rendered":"https:\/\/politicanewscascavel.com.br\/2026\/04\/02\/mulher-morre-apos-atropelamento-por-caminhao-a-servico-da-sabesp-em-sao-paulo\/"},"modified":"2026-04-02T22:11:00","modified_gmt":"2026-04-03T01:11:00","slug":"mulher-morre-apos-atropelamento-por-caminhao-a-servico-da-sabesp-em-sao-paulo","status":"publish","type":"post","link":"https:\/\/politicanewscascavel.com.br\/?p=155775","title":{"rendered":"Mulher morre ap\u00f3s atropelamento por caminh\u00e3o a servi\u00e7o da Sabesp em S\u00e3o Paulo"},"content":{"rendered":"\n<div>\n<p><strong>Ocorr\u00eancia foi registrada na capital paulista e circunst\u00e2ncias do caso s\u00e3o investigadas<\/strong><\/p>\n<p>Uma mulher morreu ap\u00f3s ser <strong>atingida por um caminh\u00e3o que prestava servi\u00e7o para a Companhia de Saneamento B\u00e1sico do Estado de S\u00e3o Paulo<\/strong> na cidade de S\u00e3o Paulo. O caso ocorreu em \u00e1rea urbana da capital, <strong>em regi\u00e3o cuja zona n\u00e3o foi detalhada nas informa\u00e7\u00f5es divulgadas<\/strong>, e segue sob investiga\u00e7\u00e3o das autoridades.<\/p>\n<p>De acordo com o que foi informado, o ve\u00edculo envolvido estava vinculado a atividades operacionais no momento do ocorrido. A v\u00edtima <strong>n\u00e3o resistiu aos ferimentos e morreu no local<\/strong>, antes da chegada de socorro especializado.<\/p>\n<p>Equipes de atendimento foram acionadas e realizaram os procedimentos necess\u00e1rios na \u00e1rea, que foi isolada para per\u00edcia. As circunst\u00e2ncias do atropelamento ainda n\u00e3o foram esclarecidas, e a apura\u00e7\u00e3o busca identificar <strong>como o acidente aconteceu e quais fatores podem ter contribu\u00eddo para a ocorr\u00eancia<\/strong>.<\/p>\n<p>O caso foi registrado pelas autoridades competentes, que devem conduzir a investiga\u00e7\u00e3o para verificar eventuais responsabilidades, conforme previsto na legisla\u00e7\u00e3o. At\u00e9 o momento, <strong>n\u00e3o h\u00e1 confirma\u00e7\u00e3o oficial sobre a din\u00e2mica completa do acidente<\/strong>.<\/p>\n<p>A ocorr\u00eancia envolve um ve\u00edculo em servi\u00e7o, e a an\u00e1lise tamb\u00e9m deve considerar as condi\u00e7\u00f5es operacionais no momento do fato, dentro dos procedimentos adotados pelos \u00f3rg\u00e3os respons\u00e1veis.<\/p>\n<p><strong>HostingPRESS Ag\u00eancia de Not\u00edcias de S\u00e3o Paulo<\/strong><br \/>Conte\u00fado distribu\u00eddo por nossa Central de Jornalismo<br \/>Reprodu\u00e7\u00e3o autorizada mediante cr\u00e9dito da fonte<\/p>\n<p>Portal criado para conectar os leitores da regi\u00e3o ao melhor conte\u00fado<\/p>\n<p>Somos l\u00edderes de audi\u00eancia local. Somos sociais.\u00a0Conecte-se conosco.<\/p>\n<\/p><\/div>\n<section>  \t<img alt=\"Avatar photo\" src=\"https:\/\/hostingpress.com.br\/wp-content\/uploads\/2026\/03\/cropped-Divilgacao-95x95.jpeg\"  height=\"95\" width=\"95\" decoding=\"async\">\t \t<\/p>\n<div>\n<p>Vinicius Moror\u00f3<\/p>\n<p>Editor-Executivo-Regional | Jornalista | Diretor Editorial    Editor-Executivo-Regional da HostingPress Ag\u00eancia de Not\u00edcias de S\u00e3o Paulo, com atua\u00e7\u00e3o voltada \u00e0 coordena\u00e7\u00e3o editorial regional, articula\u00e7\u00e3o com ve\u00edculos parceiros e fortalecimento da distribui\u00e7\u00e3o de conte\u00fado jornal\u00edstico no Estado de S\u00e3o Paulo.      Editor-chefe do Jornal Impacto Cotia, com foco em jornalismo investigativo, interesse p\u00fablico e an\u00e1lise cr\u00edtica de temas pol\u00edticos, sociais e institucionais.<\/p>\n<\/p><\/div>\n<\/section>\n","protected":false},"excerpt":{"rendered":"<p>Ocorr\u00eancia foi registrada na capital paulista e circunst\u00e2ncias do caso s\u00e3o investigadas Uma mulher morreu ap\u00f3s ser atingida por um caminh\u00e3o que prestava servi\u00e7o para a Companhia de Saneamento B\u00e1sico do Estado de S\u00e3o Paulo na cidade de S\u00e3o Paulo. O caso ocorreu em \u00e1rea urbana da capital, em regi\u00e3o cuja zona n\u00e3o foi detalhada<\/p>\n","protected":false},"author":808,"featured_media":155776,"comment_status":"closed","ping_status":"closed","sticky":false,"template":"","format":"standard","meta":{"footnotes":""},"categories":[59,1],"tags":[],"class_list":{"0":"post-155775","1":"post","2":"type-post","3":"status-publish","4":"format-standard","5":"has-post-thumbnail","7":"category-bairros","8":"category-todas-noticias"},"_links":{"self":[{"href":"https:\/\/politicanewscascavel.com.br\/index.php?rest_route=\/wp\/v2\/posts\/155775","targetHints":{"allow":["GET"]}}],"collection":[{"href":"https:\/\/politicanewscascavel.com.br\/index.php?rest_route=\/wp\/v2\/posts"}],"about":[{"href":"https:\/\/politicanewscascavel.com.br\/index.php?rest_route=\/wp\/v2\/types\/post"}],"author":[{"embeddable":true,"href":"https:\/\/politicanewscascavel.com.br\/index.php?rest_route=\/wp\/v2\/users\/808"}],"replies":[{"embeddable":true,"href":"https:\/\/politicanewscascavel.com.br\/index.php?rest_route=%2Fwp%2Fv2%2Fcomments&post=155775"}],"version-history":[{"count":0,"href":"https:\/\/politicanewscascavel.com.br\/index.php?rest_route=\/wp\/v2\/posts\/155775\/revisions"}],"wp:featuredmedia":[{"embeddable":true,"href":"https:\/\/politicanewscascavel.com.br\/index.php?rest_route=\/wp\/v2\/media\/155776"}],"wp:attachment":[{"href":"https:\/\/politicanewscascavel.com.br\/index.php?rest_route=%2Fwp%2Fv2%2Fmedia&parent=155775"}],"wp:term":[{"taxonomy":"category","embeddable":true,"href":"https:\/\/politicanewscascavel.com.br\/index.php?rest_route=%2Fwp%2Fv2%2Fcategories&post=155775"},{"taxonomy":"post_tag","embeddable":true,"href":"https:\/\/politicanewscascavel.com.br\/index.php?rest_route=%2Fwp%2Fv2%2Ftags&post=155775"}],"curies":[{"name":"wp","href":"https:\/\/api.w.org\/{rel}","templated":true}]}}