{"id":155787,"date":"2026-03-25T19:20:00","date_gmt":"2026-03-25T22:20:00","guid":{"rendered":"https:\/\/politicanewscascavel.com.br\/2026\/03\/25\/bienal-de-arquitetura-em-sao-paulo-apresenta-casa-construida-com-impressao-3d-de-concreto\/"},"modified":"2026-03-25T19:20:00","modified_gmt":"2026-03-25T22:20:00","slug":"bienal-de-arquitetura-em-sao-paulo-apresenta-casa-construida-com-impressao-3d-de-concreto","status":"publish","type":"post","link":"https:\/\/politicanewscascavel.com.br\/?p=155787","title":{"rendered":"Bienal de Arquitetura em S\u00e3o Paulo apresenta casa constru\u00edda com impress\u00e3o 3D de concreto"},"content":{"rendered":"\n<div>\n<p><strong>Prot\u00f3tipo com pilares feitos por bra\u00e7o rob\u00f3tico \u00e9 destaque do evento no Parque Ibirapuera<\/strong><\/p>\n<p>Uma casa com estrutura produzida por <strong>impress\u00e3o 3D de concreto<\/strong> \u00e9 um dos destaques da <strong>Bienal de Arquitetura Brasileira<\/strong>, que teve in\u00edcio nesta quarta-feira, <strong>25 de mar\u00e7o<\/strong>, no <strong>Parque Ibirapuera<\/strong>, na zona sul de S\u00e3o Paulo.<\/p>\n<p>O projeto foi desenvolvido pelo escrit\u00f3rio <strong>Superlim\u00e3o<\/strong>, em parceria com a startup <strong>Portal 3D<\/strong> e o <strong>Digital Construction Lab da Universidade de S\u00e3o Paulo (USP)<\/strong>, e apresenta uma proposta de constru\u00e7\u00e3o com <strong>menor uso de material, maior efici\u00eancia e redu\u00e7\u00e3o da necessidade de m\u00e3o de obra<\/strong> .<\/p>\n<p>A estrutura \u00e9 composta por pilares produzidos por um <strong>bra\u00e7o rob\u00f3tico adaptado da ind\u00fastria automotiva<\/strong>, que deposita <strong>microconcreto de alta resist\u00eancia em camadas sucessivas<\/strong>, formando as paredes da edifica\u00e7\u00e3o .<\/p>\n<p>Cada elemento leva cerca de <strong>quatro horas para ser produzido<\/strong>, em um processo que inclui pausas t\u00e9cnicas para garantir a estabilidade do material. O sistema permite que <strong>duas pessoas operem o equipamento<\/strong>, sem necessidade de esfor\u00e7o f\u00edsico intenso .<\/p>\n<p>O projeto adota princ\u00edpios de <strong>biomim\u00e9tica<\/strong>, com pilares inspirados em estruturas naturais, como o <strong>galho da bananeira<\/strong>, combinando leveza e resist\u00eancia. As pe\u00e7as s\u00e3o ocas, o que contribui para <strong>redu\u00e7\u00e3o do uso de concreto, melhora do isolamento t\u00e9rmico e efici\u00eancia estrutural<\/strong> .<\/p>\n<p>A constru\u00e7\u00e3o tamb\u00e9m incorpora <strong>madeira de re\u00faso, mantas de PET reciclado e tintas ecol\u00f3gicas<\/strong>, com foco na sustentabilidade e no desempenho ambiental da edifica\u00e7\u00e3o .<\/p>\n<p>Outro diferencial \u00e9 o modelo construtivo adotado. Os pilares s\u00e3o produzidos fora do local e transportados para montagem, em um sistema semelhante a um <strong>encaixe modular<\/strong>, comparado pelos desenvolvedores a um \u201cLego\u201d .<\/p>\n<p>A casa possui formato <strong>hexagonal<\/strong>, com organiza\u00e7\u00e3o espacial que favorece <strong>ac\u00fastica, distribui\u00e7\u00e3o interna e conforto t\u00e9rmico<\/strong>. Ap\u00f3s o evento, a estrutura ser\u00e1 desmontada e poder\u00e1 ser reinstalada em outro local.<\/p>\n<p>A Bienal re\u00fane projetos de todo o pa\u00eds e tem como objetivo apresentar solu\u00e7\u00f5es aplic\u00e1veis ao cotidiano, com foco em <strong>inova\u00e7\u00e3o, viabilidade e diversidade regional na arquitetura brasileira<\/strong> .<\/p>\n<p><strong>Os citados n\u00e3o se manifestaram at\u00e9 a publica\u00e7\u00e3o desta mat\u00e9ria. O espa\u00e7o permanece aberto para manifesta\u00e7\u00f5es.<\/strong><\/p>\n<p><strong>HostingPRESS Ag\u00eancia de Not\u00edcias de S\u00e3o Paulo<\/strong><br \/>Conte\u00fado distribu\u00eddo por nossa Central de Jornalismo<br \/>Reprodu\u00e7\u00e3o autorizada mediante cr\u00e9dito da fonte<\/p>\n<p>Portal criado para conectar os leitores da regi\u00e3o ao melhor conte\u00fado<\/p>\n<p>Somos l\u00edderes de audi\u00eancia local. Somos sociais.\u00a0Conecte-se conosco.<\/p>\n<\/p><\/div>\n<section>  \t<img alt=\"Avatar photo\" src=\"https:\/\/hostingpress.com.br\/wp-content\/uploads\/2026\/03\/cropped-Divilgacao-95x95.jpeg\"  height=\"95\" width=\"95\" decoding=\"async\">\t \t<\/p>\n<div>\n<p>Vinicius Moror\u00f3<\/p>\n<p>Editor-Executivo-Regional | Jornalista | Diretor Editorial    Editor-Executivo-Regional da HostingPress Ag\u00eancia de Not\u00edcias de S\u00e3o Paulo, com atua\u00e7\u00e3o voltada \u00e0 coordena\u00e7\u00e3o editorial regional, articula\u00e7\u00e3o com ve\u00edculos parceiros e fortalecimento da distribui\u00e7\u00e3o de conte\u00fado jornal\u00edstico no Estado de S\u00e3o Paulo.      Editor-chefe do Jornal Impacto Cotia, com foco em jornalismo investigativo, interesse p\u00fablico e an\u00e1lise cr\u00edtica de temas pol\u00edticos, sociais e institucionais.<\/p>\n<\/p><\/div>\n<\/section>\n","protected":false},"excerpt":{"rendered":"<p>Prot\u00f3tipo com pilares feitos por bra\u00e7o rob\u00f3tico \u00e9 destaque do evento no Parque Ibirapuera Uma casa com estrutura produzida por impress\u00e3o 3D de concreto \u00e9 um dos destaques da Bienal de Arquitetura Brasileira, que teve in\u00edcio nesta quarta-feira, 25 de mar\u00e7o, no Parque Ibirapuera, na zona sul de S\u00e3o Paulo. O projeto foi desenvolvido pelo<\/p>\n","protected":false},"author":808,"featured_media":155788,"comment_status":"closed","ping_status":"closed","sticky":false,"template":"","format":"standard","meta":{"footnotes":""},"categories":[59,1],"tags":[],"class_list":{"0":"post-155787","1":"post","2":"type-post","3":"status-publish","4":"format-standard","5":"has-post-thumbnail","7":"category-bairros","8":"category-todas-noticias"},"_links":{"self":[{"href":"https:\/\/politicanewscascavel.com.br\/index.php?rest_route=\/wp\/v2\/posts\/155787","targetHints":{"allow":["GET"]}}],"collection":[{"href":"https:\/\/politicanewscascavel.com.br\/index.php?rest_route=\/wp\/v2\/posts"}],"about":[{"href":"https:\/\/politicanewscascavel.com.br\/index.php?rest_route=\/wp\/v2\/types\/post"}],"author":[{"embeddable":true,"href":"https:\/\/politicanewscascavel.com.br\/index.php?rest_route=\/wp\/v2\/users\/808"}],"replies":[{"embeddable":true,"href":"https:\/\/politicanewscascavel.com.br\/index.php?rest_route=%2Fwp%2Fv2%2Fcomments&post=155787"}],"version-history":[{"count":0,"href":"https:\/\/politicanewscascavel.com.br\/index.php?rest_route=\/wp\/v2\/posts\/155787\/revisions"}],"wp:featuredmedia":[{"embeddable":true,"href":"https:\/\/politicanewscascavel.com.br\/index.php?rest_route=\/wp\/v2\/media\/155788"}],"wp:attachment":[{"href":"https:\/\/politicanewscascavel.com.br\/index.php?rest_route=%2Fwp%2Fv2%2Fmedia&parent=155787"}],"wp:term":[{"taxonomy":"category","embeddable":true,"href":"https:\/\/politicanewscascavel.com.br\/index.php?rest_route=%2Fwp%2Fv2%2Fcategories&post=155787"},{"taxonomy":"post_tag","embeddable":true,"href":"https:\/\/politicanewscascavel.com.br\/index.php?rest_route=%2Fwp%2Fv2%2Ftags&post=155787"}],"curies":[{"name":"wp","href":"https:\/\/api.w.org\/{rel}","templated":true}]}}