{"id":155789,"date":"2026-03-24T11:20:00","date_gmt":"2026-03-24T14:20:00","guid":{"rendered":"https:\/\/politicanewscascavel.com.br\/2026\/03\/24\/governo-de-sp-abre-consulta-publica-para-concessao-do-complexo-do-ibirapuera-a-iniciativa-privada\/"},"modified":"2026-03-24T11:20:00","modified_gmt":"2026-03-24T14:20:00","slug":"governo-de-sp-abre-consulta-publica-para-concessao-do-complexo-do-ibirapuera-a-iniciativa-privada","status":"publish","type":"post","link":"https:\/\/politicanewscascavel.com.br\/?p=155789","title":{"rendered":"Governo de SP abre consulta p\u00fablica para concess\u00e3o do Complexo do Ibirapuera \u00e0 iniciativa privada"},"content":{"rendered":"\n<div>\n<p><strong>Proposta inclui \u00e1rea esportiva na zona sul e Vila Ol\u00edmpica M\u00e1rio Covas, com contribui\u00e7\u00f5es abertas at\u00e9 abril<\/strong><\/p>\n<p>O governo do Estado de S\u00e3o Paulo abriu nesta segunda-feira, <strong>23 de mar\u00e7o<\/strong>, uma consulta p\u00fablica sobre a concess\u00e3o do <strong>Conjunto Desportivo Const\u00e2ncio Vaz Guimar\u00e3es<\/strong>, conhecido como <strong>Complexo do Ibirapuera<\/strong>, localizado na <strong>zona sul da capital<\/strong>.<\/p>\n<p>A proposta prev\u00ea a transfer\u00eancia da gest\u00e3o do espa\u00e7o para a iniciativa privada, com o objetivo de <strong>modernizar a infraestrutura, ampliar o acesso da popula\u00e7\u00e3o e diversificar as atividades esportivas e de lazer<\/strong>, segundo a Secretaria de Parcerias em Investimentos (SPI).<\/p>\n<p>De acordo com o governo, a previs\u00e3o \u00e9 de que o <strong>edital seja lan\u00e7ado ainda no primeiro semestre<\/strong>, com realiza\u00e7\u00e3o de leil\u00e3o at\u00e9 o final do ano. O valor estimado de outorga \u00e9 de <strong>R$ 127,5 milh\u00f5es<\/strong>.<\/p>\n<p>O projeto tamb\u00e9m inclui a <strong>Vila Ol\u00edmpica M\u00e1rio Covas<\/strong>, com \u00e1rea de <strong>174 mil m\u00b2<\/strong>, localizada pr\u00f3xima \u00e0 <strong>Rodovia Raposo Tavares<\/strong>, na <strong>zona oeste da capital<\/strong>. Somadas, as \u00e1reas envolvidas chegam a aproximadamente <strong>266 mil m\u00b2<\/strong>.<\/p>\n<p>O complexo esportivo do Ibirapuera possui cerca de <strong>92 mil m\u00b2<\/strong> e \u00e9 atualmente administrado pela Secretaria de Esportes do Estado.<\/p>\n<p>A proposta ocorre ap\u00f3s tentativas anteriores de concess\u00e3o. Em <strong>2019<\/strong>, durante a gest\u00e3o do ent\u00e3o governador <strong>Jo\u00e3o Doria<\/strong>, houve iniciativa semelhante, que previa interven\u00e7\u00f5es mais amplas, incluindo possibilidade de novas constru\u00e7\u00f5es. \u00c0 \u00e9poca, o argumento era de que o espa\u00e7o apresentava <strong>estrutura considerada defasada<\/strong>.<\/p>\n<p>Em <strong>2017<\/strong>, na gest\u00e3o de <strong>Geraldo Alckmin<\/strong>, foi realizado um chamamento p\u00fablico, com participa\u00e7\u00e3o de empresas interessadas em estudos para o local.<\/p>\n<p>Mais recentemente, em <strong>2024<\/strong>, o conjunto foi <strong>tombado pelo Instituto do Patrim\u00f4nio Hist\u00f3rico e Art\u00edstico Nacional (Iphan)<\/strong>, o que estabelece diretrizes de preserva\u00e7\u00e3o. No mesmo ano, foi firmado contrato de <strong>restauro do Est\u00e1dio \u00cdcaro de Castro Melo<\/strong>, no valor de <strong>R$ 70 milh\u00f5es<\/strong>.<\/p>\n<p>Segundo a SPI, a atual proposta respeita as regras de preserva\u00e7\u00e3o e prev\u00ea <strong>recupera\u00e7\u00e3o, manuten\u00e7\u00e3o e moderniza\u00e7\u00e3o das estruturas<\/strong>, al\u00e9m da amplia\u00e7\u00e3o do uso p\u00fablico dos equipamentos.<\/p>\n<p>As contribui\u00e7\u00f5es da sociedade podem ser enviadas at\u00e9 <strong>24 de abril<\/strong>, por meio do site oficial da Secretaria de Parcerias em Investimentos.<\/p>\n<p>\ud83d\udd17 <strong>Consulta p\u00fablica dispon\u00edvel em:<\/strong> https:\/\/www.parceriaseminvestimentos.sp.gov.br<\/p>\n<p><strong>HostingPRESS Ag\u00eancia de Not\u00edcias de S\u00e3o Paulo<\/strong><br \/>Conte\u00fado distribu\u00eddo por nossa Central de Jornalismo<br \/>Reprodu\u00e7\u00e3o autorizada mediante cr\u00e9dito da fonte<\/p>\n<p>Portal criado para conectar os leitores da regi\u00e3o ao melhor conte\u00fado<\/p>\n<p>Somos l\u00edderes de audi\u00eancia local. Somos sociais.\u00a0Conecte-se conosco.<\/p>\n<\/p><\/div>\n<section>  \t<img alt=\"Avatar photo\" src=\"https:\/\/hostingpress.com.br\/wp-content\/uploads\/2026\/03\/cropped-Divilgacao-95x95.jpeg\"  height=\"95\" width=\"95\" decoding=\"async\">\t \t<\/p>\n<div>\n<p>Vinicius Moror\u00f3<\/p>\n<p>Editor-Executivo-Regional | Jornalista | Diretor Editorial    Editor-Executivo-Regional da HostingPress Ag\u00eancia de Not\u00edcias de S\u00e3o Paulo, com atua\u00e7\u00e3o voltada \u00e0 coordena\u00e7\u00e3o editorial regional, articula\u00e7\u00e3o com ve\u00edculos parceiros e fortalecimento da distribui\u00e7\u00e3o de conte\u00fado jornal\u00edstico no Estado de S\u00e3o Paulo.      Editor-chefe do Jornal Impacto Cotia, com foco em jornalismo investigativo, interesse p\u00fablico e an\u00e1lise cr\u00edtica de temas pol\u00edticos, sociais e institucionais.<\/p>\n<\/p><\/div>\n<\/section>\n","protected":false},"excerpt":{"rendered":"<p>Proposta inclui \u00e1rea esportiva na zona sul e Vila Ol\u00edmpica M\u00e1rio Covas, com contribui\u00e7\u00f5es abertas at\u00e9 abril O governo do Estado de S\u00e3o Paulo abriu nesta segunda-feira, 23 de mar\u00e7o, uma consulta p\u00fablica sobre a concess\u00e3o do Conjunto Desportivo Const\u00e2ncio Vaz Guimar\u00e3es, conhecido como Complexo do Ibirapuera, localizado na zona sul da capital. A proposta<\/p>\n","protected":false},"author":808,"featured_media":155790,"comment_status":"closed","ping_status":"closed","sticky":false,"template":"","format":"standard","meta":{"footnotes":""},"categories":[59,1],"tags":[],"class_list":{"0":"post-155789","1":"post","2":"type-post","3":"status-publish","4":"format-standard","5":"has-post-thumbnail","7":"category-bairros","8":"category-todas-noticias"},"_links":{"self":[{"href":"https:\/\/politicanewscascavel.com.br\/index.php?rest_route=\/wp\/v2\/posts\/155789","targetHints":{"allow":["GET"]}}],"collection":[{"href":"https:\/\/politicanewscascavel.com.br\/index.php?rest_route=\/wp\/v2\/posts"}],"about":[{"href":"https:\/\/politicanewscascavel.com.br\/index.php?rest_route=\/wp\/v2\/types\/post"}],"author":[{"embeddable":true,"href":"https:\/\/politicanewscascavel.com.br\/index.php?rest_route=\/wp\/v2\/users\/808"}],"replies":[{"embeddable":true,"href":"https:\/\/politicanewscascavel.com.br\/index.php?rest_route=%2Fwp%2Fv2%2Fcomments&post=155789"}],"version-history":[{"count":0,"href":"https:\/\/politicanewscascavel.com.br\/index.php?rest_route=\/wp\/v2\/posts\/155789\/revisions"}],"wp:featuredmedia":[{"embeddable":true,"href":"https:\/\/politicanewscascavel.com.br\/index.php?rest_route=\/wp\/v2\/media\/155790"}],"wp:attachment":[{"href":"https:\/\/politicanewscascavel.com.br\/index.php?rest_route=%2Fwp%2Fv2%2Fmedia&parent=155789"}],"wp:term":[{"taxonomy":"category","embeddable":true,"href":"https:\/\/politicanewscascavel.com.br\/index.php?rest_route=%2Fwp%2Fv2%2Fcategories&post=155789"},{"taxonomy":"post_tag","embeddable":true,"href":"https:\/\/politicanewscascavel.com.br\/index.php?rest_route=%2Fwp%2Fv2%2Ftags&post=155789"}],"curies":[{"name":"wp","href":"https:\/\/api.w.org\/{rel}","templated":true}]}}