{"id":155804,"date":"2026-03-18T12:01:00","date_gmt":"2026-03-18T15:01:00","guid":{"rendered":"https:\/\/politicanewscascavel.com.br\/2026\/03\/18\/ator-stenio-garcia-processa-filhas-sob-a-alegacao-de-abandono\/"},"modified":"2026-03-18T12:01:00","modified_gmt":"2026-03-18T15:01:00","slug":"ator-stenio-garcia-processa-filhas-sob-a-alegacao-de-abandono","status":"publish","type":"post","link":"https:\/\/politicanewscascavel.com.br\/?p=155804","title":{"rendered":"Ator St\u00eanio Garcia processa filhas sob a alega\u00e7\u00e3o de abandono"},"content":{"rendered":"\n<div>\n<p>A cena art\u00edstica brasileira, ami\u00fade palco de dramas que transcendem as coxias e os est\u00fadios de teledramaturgia, defronta-se hodiernamente com um lit\u00edgio de matiz \u00e9tico e jur\u00eddico que envolve um de seus mais diletos \u00edcones. St\u00eanio Garcia, cujas d\u00e9cadas de contribui\u00e7\u00e3o \u00e0 cultura nacional sedimentaram sua imagem no imagin\u00e1rio coletivo como um int\u00e9rprete de versatilidade \u00edmpar, encontra-se agora no epicentro de uma contenda familiar de natureza acrimoniosa. O ajuizamento de uma a\u00e7\u00e3o judicial por parte do veterano ator contra sua pr\u00f3pria prog\u00eanie, sob a grave alega\u00e7\u00e3o de abandono afetivo e material, descortina uma realidade subjacente que aflige parcela consider\u00e1vel da popula\u00e7\u00e3o idosa no Brasil: a fragiliza\u00e7\u00e3o dos v\u00ednculos de solidariedade intergeracional e o amparo legal que o Estatuto do Idoso oferece como baluarte contra a neglig\u00eancia dom\u00e9stica. Este imbr\u00f3glio, que tramita sob o manto do sigilo jurisdicional para preserva\u00e7\u00e3o da intimidade das partes, evoca reflex\u00f5es profundas acerca da responsabilidade filial e das vicissitudes inerentes ao decl\u00ednio da vida biol\u00f3gica em um contexto de exposi\u00e7\u00e3o midi\u00e1tica e complexidade patrimonial.<\/p>\n<p>O cerne do conflito reside na percep\u00e7\u00e3o do ator de que o distanciamento de suas filhas, fruto de uni\u00f5es pret\u00e9ritas, teria ultrapassado os limites da mera discord\u00e2ncia familiar para ingressar no terreno da omiss\u00e3o de socorro moral e assist\u00eancia b\u00e1sica. A erudi\u00e7\u00e3o jur\u00eddica aplicada ao caso sugere que o pleito se fundamenta n\u00e3o apenas na busca por alimentos, dada a condi\u00e7\u00e3o financeira outrora est\u00e1vel do artista, mas na repara\u00e7\u00e3o civil por danos morais decorrentes do que a doutrina denomina abandono afetivo inverso. Tal constructo te\u00f3rico, amplamente debatido nos tribunais superiores, postula que, da mesma forma que os genitores possuem o dever de cuidado para com os filhos menores, a invers\u00e3o da pir\u00e2mide et\u00e1ria imp\u00f5e aos descendentes o \u00f4nus de zelar pela dignidade, sa\u00fade e bem-estar de seus ascendentes na senilidade. No caso de St\u00eanio Garcia, relatos de fontes pr\u00f3ximas indicam que o isolamento social e a aus\u00eancia de suporte emocional em momentos de fragilidade f\u00edsica teriam sido o estopim para a busca de tutela jurisdicional, revelando uma fratura emocional que nem mesmo o brilho dos holofotes foi capaz de suturar.<\/p>\n<p>A an\u00e1lise deste fen\u00f4meno exige uma incurs\u00e3o pela din\u00e2mica das rela\u00e7\u00f5es familiares contempor\u00e2neas, marcadas pela liquidez dos afetos e por disputas que, por vezes, mascaram interesses de ordem financeira. A defesa das filhas, conforme ventilado em meios de comunica\u00e7\u00e3o especializados em celebridades, tende a refutar as acusa\u00e7\u00f5es, argumentando que o distanciamento seria fruto de escolhas do pr\u00f3prio ator ou de influ\u00eancias externas que teriam erigido barreiras comunicativas. Todavia, a jurisprud\u00eancia brasileira tem se inclinado a valorizar a prova da presen\u00e7a f\u00edsica e do suporte cont\u00ednuo, independentemente de eventuais rusgas do passado. O abandono, no rigor da lei, n\u00e3o se configura apenas pela aus\u00eancia de repasses pecuni\u00e1rios, mas pela priva\u00e7\u00e3o do conv\u00edvio e da assist\u00eancia que garantem ao idoso uma exist\u00eancia plena. Neste sentido, o processo movido por St\u00eanio Garcia atua como um catalisador de um debate nacional sobre o dever \u00e9tico de cuidado, confrontando o individualismo da p\u00f3s-modernidade com os preceitos milenares de honra aos antepassados, agora codificados em rigorosas normas de direito civil.<\/p>\n<p>Ademais, a dimens\u00e3o p\u00fablica deste lit\u00edgio imp\u00f5e um \u00f4nus adicional \u00e0s partes envolvidas. St\u00eanio Garcia, aos 93 anos, personifica a vulnerabilidade da quarta idade, per\u00edodo em que a autonomia funcional muitas vezes cede lugar \u00e0 depend\u00eancia de terceiros. A utiliza\u00e7\u00e3o do sistema judici\u00e1rio como mediador de conflitos dom\u00e9sticos \u00e9, por si s\u00f3, um ind\u00edcio de fal\u00eancia dos canais dial\u00f3gicos naturais da fam\u00edlia. Aprofundando o escrut\u00ednio, observa-se que a gest\u00e3o de sua imagem e de seus ativos tem sido objeto de controv\u00e9rsias paralelas, o que adiciona camadas de complexidade \u00e0 alega\u00e7\u00e3o de abandono. Se, por um lado, o ator clama por presen\u00e7a e afeto, por outro, o cen\u00e1rio revela uma disputa por narrativas onde o prest\u00edgio hist\u00f3rico do int\u00e9rprete de \u201cCarga pesada\u201d e \u201cO clone\u201d \u00e9 utilizado como moeda de troca moral. O impacto informativo desta not\u00edcia reside na desmistifica\u00e7\u00e3o da vida das celebridades, revelando que a fama n\u00e3o imuniza o indiv\u00edduo contra as mazelas da solid\u00e3o e as agruras de um processo de interdi\u00e7\u00e3o ou de cobran\u00e7a de deveres filiais.<\/p>\n<p>Desta forma, o desfecho desta lide ser\u00e1 acompanhado com lupa por especialistas em Direito de Fam\u00edlia e Sucess\u00f5es, uma vez que o veredito poder\u00e1 servir como precedente para in\u00fameros outros casos de idosos que sofrem silenciosamente com a indiferen\u00e7a de seus herdeiros. A coragem de um homem p\u00fablico em expor suas chagas privadas em busca de justi\u00e7a \u00e9 um ato que, embora doloroso, fortalece a aplica\u00e7\u00e3o do Estatuto do Idoso e reafirma o papel do Judici\u00e1rio como garantidor da dignidade humana. A HostingPress, mantendo sua tradi\u00e7\u00e3o de oferecer an\u00e1lises que transcendem a superficialidade dos tabloides, seguir\u00e1 acompanhando os desdobramentos deste caso, pautada pelo compromisso de informar com precis\u00e3o, erudi\u00e7\u00e3o e respeito \u00e0 complexidade dos dramas humanos que moldam a nossa sociedade.<\/p>\n<p>Diante da magnitude dos temas aqui explorados e da necessidade premente de um jornalismo que preze pela profundidade e pelo rigor intelectual, convidamos nossos leitores a prosseguirem em sua busca por conhecimento em nossas plataformas. A compreens\u00e3o dos fatos que regem a vida p\u00fablica e privada no Brasil exige um olhar atento e uma reda\u00e7\u00e3o que n\u00e3o se esquiva de enfrentar as nuances mais delicadas da nossa realidade. Aprecie e leia as mat\u00e9rias da HostingPress Ag\u00eancia de Not\u00edcias, onde a informa\u00e7\u00e3o \u00e9 tratada com o zelo e a sofistica\u00e7\u00e3o que o nosso p\u00fablico merece, consolidando-se como uma fonte indispens\u00e1vel para quem busca ir al\u00e9m do \u00f3bvio.<\/p>\n<p><em>Marcelo Henrique de Carvalho, editor-chefe<\/em><\/p>\n<p><em>HostingPRESS \u2013 Ag\u00eancia de Not\u00edcias de S\u00e3o Paulo. Conte\u00fado distribu\u00eddo por nossa Central de Jornalismo. Reprodu\u00e7\u00e3o autorizada mediante cr\u00e9dito da fonte.<\/em><\/p>\n<\/p><\/div>\n","protected":false},"excerpt":{"rendered":"<p>A cena art\u00edstica brasileira, ami\u00fade palco de dramas que transcendem as coxias e os est\u00fadios de teledramaturgia, defronta-se hodiernamente com um lit\u00edgio de matiz \u00e9tico e jur\u00eddico que envolve um de seus mais diletos \u00edcones. St\u00eanio Garcia, cujas d\u00e9cadas de contribui\u00e7\u00e3o \u00e0 cultura nacional sedimentaram sua imagem no imagin\u00e1rio coletivo como um int\u00e9rprete de versatilidade<\/p>\n","protected":false},"author":811,"featured_media":155805,"comment_status":"closed","ping_status":"closed","sticky":false,"template":"","format":"standard","meta":{"footnotes":""},"categories":[70,1],"tags":[],"class_list":{"0":"post-155804","1":"post","2":"type-post","3":"status-publish","4":"format-standard","5":"has-post-thumbnail","7":"category-cinema-humor-e-teatro","8":"category-todas-noticias"},"_links":{"self":[{"href":"https:\/\/politicanewscascavel.com.br\/index.php?rest_route=\/wp\/v2\/posts\/155804","targetHints":{"allow":["GET"]}}],"collection":[{"href":"https:\/\/politicanewscascavel.com.br\/index.php?rest_route=\/wp\/v2\/posts"}],"about":[{"href":"https:\/\/politicanewscascavel.com.br\/index.php?rest_route=\/wp\/v2\/types\/post"}],"author":[{"embeddable":true,"href":"https:\/\/politicanewscascavel.com.br\/index.php?rest_route=\/wp\/v2\/users\/811"}],"replies":[{"embeddable":true,"href":"https:\/\/politicanewscascavel.com.br\/index.php?rest_route=%2Fwp%2Fv2%2Fcomments&post=155804"}],"version-history":[{"count":0,"href":"https:\/\/politicanewscascavel.com.br\/index.php?rest_route=\/wp\/v2\/posts\/155804\/revisions"}],"wp:featuredmedia":[{"embeddable":true,"href":"https:\/\/politicanewscascavel.com.br\/index.php?rest_route=\/wp\/v2\/media\/155805"}],"wp:attachment":[{"href":"https:\/\/politicanewscascavel.com.br\/index.php?rest_route=%2Fwp%2Fv2%2Fmedia&parent=155804"}],"wp:term":[{"taxonomy":"category","embeddable":true,"href":"https:\/\/politicanewscascavel.com.br\/index.php?rest_route=%2Fwp%2Fv2%2Fcategories&post=155804"},{"taxonomy":"post_tag","embeddable":true,"href":"https:\/\/politicanewscascavel.com.br\/index.php?rest_route=%2Fwp%2Fv2%2Ftags&post=155804"}],"curies":[{"name":"wp","href":"https:\/\/api.w.org\/{rel}","templated":true}]}}