{"id":155806,"date":"2026-03-15T05:16:00","date_gmt":"2026-03-15T08:16:00","guid":{"rendered":"https:\/\/politicanewscascavel.com.br\/2026\/03\/15\/cinema-brasileiro-ganha-projecao-internacional-com-indicacoes-ao-oscar-e-expansao-do-setor-audiovisual\/"},"modified":"2026-03-15T05:16:00","modified_gmt":"2026-03-15T08:16:00","slug":"cinema-brasileiro-ganha-projecao-internacional-com-indicacoes-ao-oscar-e-expansao-do-setor-audiovisual","status":"publish","type":"post","link":"https:\/\/politicanewscascavel.com.br\/?p=155806","title":{"rendered":"Cinema brasileiro ganha proje\u00e7\u00e3o internacional com indica\u00e7\u00f5es ao Oscar e expans\u00e3o do setor audiovisual"},"content":{"rendered":"\n<div>\n<p><strong>Reconhecimento em premia\u00e7\u00f5es e crescimento das exporta\u00e7\u00f5es refor\u00e7am presen\u00e7a do Brasil no mercado global de entretenimento<\/strong><\/p>\n<p>O cinema brasileiro vive um momento de maior visibilidade internacional, impulsionado por indica\u00e7\u00f5es ao Oscar, participa\u00e7\u00e3o em festivais e crescimento das exporta\u00e7\u00f5es de conte\u00fado audiovisual. O cen\u00e1rio tem ampliado o debate sobre o papel do Brasil no mercado global de entretenimento.<\/p>\n<p>Reportagem publicada em 14 de mar\u00e7o de 2026 pela ag\u00eancia internacional Reuters destaca o avan\u00e7o da ind\u00fastria audiovisual brasileira e o aumento do reconhecimento internacional de produ\u00e7\u00f5es nacionais.<\/p>\n<p><strong>Reconhecimento em premia\u00e7\u00f5es internacionais<\/strong><\/p>\n<p>Nos \u00faltimos anos, produ\u00e7\u00f5es brasileiras passaram a ocupar espa\u00e7o mais frequente em premia\u00e7\u00f5es e festivais internacionais, incluindo o Oscar, principal premia\u00e7\u00e3o do cinema mundial.<\/p>\n<p>Esse movimento tem sido acompanhado por maior presen\u00e7a de cineastas brasileiros em eventos globais e pelo interesse crescente de distribuidores internacionais em produ\u00e7\u00f5es do pa\u00eds.<\/p>\n<p>Especialistas do setor apontam que o reconhecimento internacional contribui para ampliar a visibilidade do cinema brasileiro e atrair novas parcerias de produ\u00e7\u00e3o e distribui\u00e7\u00e3o.<\/p>\n<p><strong>Crescimento do setor audiovisual<\/strong><\/p>\n<p>Dados do setor indicam expans\u00e3o recente da ind\u00fastria audiovisual brasileira, tanto na produ\u00e7\u00e3o quanto na circula\u00e7\u00e3o internacional de obras.<\/p>\n<p>A amplia\u00e7\u00e3o de investimentos p\u00fablicos e privados, aliada \u00e0 presen\u00e7a em plataformas de streaming e acordos internacionais de coprodu\u00e7\u00e3o, tem contribu\u00eddo para o crescimento das exporta\u00e7\u00f5es de conte\u00fados audiovisuais.<\/p>\n<p>Segundo analistas do mercado, a diversidade tem\u00e1tica e cultural das produ\u00e7\u00f5es brasileiras tem sido um dos fatores que impulsionam a presen\u00e7a do pa\u00eds no cen\u00e1rio global.<\/p>\n<p><strong>Impactos para a ind\u00fastria nacional<\/strong><\/p>\n<p>O avan\u00e7o da proje\u00e7\u00e3o internacional pode gerar impactos diretos em diferentes segmentos da cadeia audiovisual, incluindo:<\/p>\n<ul>\n<li>produtoras independentes;<\/li>\n<li>profissionais da ind\u00fastria cinematogr\u00e1fica;<\/li>\n<li>empresas de distribui\u00e7\u00e3o e exibi\u00e7\u00e3o;<\/li>\n<li>setores ligados \u00e0 exporta\u00e7\u00e3o de conte\u00fado cultural.<\/li>\n<\/ul>\n<p>A presen\u00e7a em premia\u00e7\u00f5es internacionais tamb\u00e9m tende a ampliar o interesse do p\u00fablico estrangeiro por produ\u00e7\u00f5es brasileiras.<\/p>\n<p><strong>Desafios do setor<\/strong><\/p>\n<p>Apesar do crescimento da visibilidade internacional, profissionais do setor apontam desafios relacionados \u00e0 distribui\u00e7\u00e3o de filmes nacionais e ao acesso do p\u00fablico \u00e0s produ\u00e7\u00f5es brasileiras.<\/p>\n<p>Especialistas defendem pol\u00edticas integradas que fortale\u00e7am todas as etapas da cadeia audiovisual, desde a produ\u00e7\u00e3o at\u00e9 a circula\u00e7\u00e3o das obras no mercado interno e internacional.<\/p>\n<p><strong>HostingPRESS Ag\u00eancia de Not\u00edcias de S\u00e3o Paulo<\/strong><br \/>Conte\u00fado distribu\u00eddo por nossa Central de Jornalismo<br \/>Reprodu\u00e7\u00e3o autorizada mediante cr\u00e9dito da fonte<\/p>\n<p>Portal criado para conectar os leitores da regi\u00e3o ao melhor conte\u00fado<\/p>\n<p>Somos l\u00edderes de audi\u00eancia local. Somos sociais.\u00a0Conecte-se conosco.<\/p>\n<\/p><\/div>\n<section>  \t<img alt=\"Avatar photo\" src=\"https:\/\/hostingpress.com.br\/wp-content\/uploads\/2026\/03\/cropped-Divilgacao-95x95.jpeg\"  height=\"95\" width=\"95\" decoding=\"async\">\t \t<\/p>\n<div>\n<p>Vinicius Moror\u00f3<\/p>\n<p>Editor-Executivo-Regional | Jornalista | Diretor Editorial    Editor-Executivo-Regional da HostingPress Ag\u00eancia de Not\u00edcias de S\u00e3o Paulo, com atua\u00e7\u00e3o voltada \u00e0 coordena\u00e7\u00e3o editorial regional, articula\u00e7\u00e3o com ve\u00edculos parceiros e fortalecimento da distribui\u00e7\u00e3o de conte\u00fado jornal\u00edstico no Estado de S\u00e3o Paulo.      Editor-chefe do Jornal Impacto Cotia, com foco em jornalismo investigativo, interesse p\u00fablico e an\u00e1lise cr\u00edtica de temas pol\u00edticos, sociais e institucionais.<\/p>\n<\/p><\/div>\n<\/section>\n","protected":false},"excerpt":{"rendered":"<p>Reconhecimento em premia\u00e7\u00f5es e crescimento das exporta\u00e7\u00f5es refor\u00e7am presen\u00e7a do Brasil no mercado global de entretenimento O cinema brasileiro vive um momento de maior visibilidade internacional, impulsionado por indica\u00e7\u00f5es ao Oscar, participa\u00e7\u00e3o em festivais e crescimento das exporta\u00e7\u00f5es de conte\u00fado audiovisual. O cen\u00e1rio tem ampliado o debate sobre o papel do Brasil no mercado global<\/p>\n","protected":false},"author":808,"featured_media":155807,"comment_status":"closed","ping_status":"closed","sticky":false,"template":"","format":"standard","meta":{"footnotes":""},"categories":[70,1],"tags":[],"class_list":{"0":"post-155806","1":"post","2":"type-post","3":"status-publish","4":"format-standard","5":"has-post-thumbnail","7":"category-cinema-humor-e-teatro","8":"category-todas-noticias"},"_links":{"self":[{"href":"https:\/\/politicanewscascavel.com.br\/index.php?rest_route=\/wp\/v2\/posts\/155806","targetHints":{"allow":["GET"]}}],"collection":[{"href":"https:\/\/politicanewscascavel.com.br\/index.php?rest_route=\/wp\/v2\/posts"}],"about":[{"href":"https:\/\/politicanewscascavel.com.br\/index.php?rest_route=\/wp\/v2\/types\/post"}],"author":[{"embeddable":true,"href":"https:\/\/politicanewscascavel.com.br\/index.php?rest_route=\/wp\/v2\/users\/808"}],"replies":[{"embeddable":true,"href":"https:\/\/politicanewscascavel.com.br\/index.php?rest_route=%2Fwp%2Fv2%2Fcomments&post=155806"}],"version-history":[{"count":0,"href":"https:\/\/politicanewscascavel.com.br\/index.php?rest_route=\/wp\/v2\/posts\/155806\/revisions"}],"wp:featuredmedia":[{"embeddable":true,"href":"https:\/\/politicanewscascavel.com.br\/index.php?rest_route=\/wp\/v2\/media\/155807"}],"wp:attachment":[{"href":"https:\/\/politicanewscascavel.com.br\/index.php?rest_route=%2Fwp%2Fv2%2Fmedia&parent=155806"}],"wp:term":[{"taxonomy":"category","embeddable":true,"href":"https:\/\/politicanewscascavel.com.br\/index.php?rest_route=%2Fwp%2Fv2%2Fcategories&post=155806"},{"taxonomy":"post_tag","embeddable":true,"href":"https:\/\/politicanewscascavel.com.br\/index.php?rest_route=%2Fwp%2Fv2%2Ftags&post=155806"}],"curies":[{"name":"wp","href":"https:\/\/api.w.org\/{rel}","templated":true}]}}