{"id":155893,"date":"2026-04-24T18:24:59","date_gmt":"2026-04-24T21:24:59","guid":{"rendered":"https:\/\/politicanewscascavel.com.br\/?p=155893"},"modified":"2026-04-24T18:24:59","modified_gmt":"2026-04-24T21:24:59","slug":"votos-de-presos-entenda-o-que-muda-para-2026","status":"publish","type":"post","link":"https:\/\/politicanewscascavel.com.br\/?p=155893","title":{"rendered":"VOTOS DE PRESOS: ENTENDA O QUE MUDA PARA 2026"},"content":{"rendered":"<p>Circula nas redes sociais a informa\u00e7\u00e3o de que o Tribunal Superior Eleitoral (TSE) teria \u201cderrubado a proibi\u00e7\u00e3o do voto de presos\u201d para as elei\u00e7\u00f5es de 2026. Mas a realidade \u00e9 diferente \u2014 e exige aten\u00e7\u00e3o.<\/p>\n<p>A Justi\u00e7a Eleitoral n\u00e3o autorizou o voto para todos os presos. O que existe, na pr\u00e1tica, \u00e9 a manuten\u00e7\u00e3o de uma regra que j\u00e1 est\u00e1 prevista na Constitui\u00e7\u00e3o: presos provis\u00f3rios (aqueles que ainda n\u00e3o foram condenados definitivamente) t\u00eam direito ao voto.<\/p>\n<p>J\u00e1 os presos com condena\u00e7\u00e3o transitada em julgado continuam sem poder votar, pois seus direitos pol\u00edticos ficam suspensos, conforme determina a Constitui\u00e7\u00e3o Federal.<\/p>\n<p>\ud83d\udccc O que o TSE decidiu<\/p>\n<p>O TSE tem organizado, ao longo dos anos, a instala\u00e7\u00e3o de se\u00e7\u00f5es eleitorais dentro de unidades prisionais para garantir o voto de presos provis\u00f3rios e tamb\u00e9m de jovens internados em unidades socioeducativas.<\/p>\n<p>Para 2026, a tend\u00eancia \u00e9 a amplia\u00e7\u00e3o dessa estrutura, com urnas sendo levadas a pres\u00eddios que atendam crit\u00e9rios m\u00ednimos, como n\u00famero suficiente de eleitores aptos.<img fetchpriority=\"high\" decoding=\"async\" class=\"alignnone size-medium wp-image-155894\" src=\"https:\/\/politicanewscascavel.com.br\/wp-content\/uploads\/2026\/04\/VOTOS-DE-PRESOS-225x300.jpg\" alt=\"\" width=\"225\" height=\"300\" srcset=\"https:\/\/politicanewscascavel.com.br\/wp-content\/uploads\/2026\/04\/VOTOS-DE-PRESOS-225x300.jpg 225w, https:\/\/politicanewscascavel.com.br\/wp-content\/uploads\/2026\/04\/VOTOS-DE-PRESOS-768x1024.jpg 768w, https:\/\/politicanewscascavel.com.br\/wp-content\/uploads\/2026\/04\/VOTOS-DE-PRESOS-1152x1536.jpg 1152w, https:\/\/politicanewscascavel.com.br\/wp-content\/uploads\/2026\/04\/VOTOS-DE-PRESOS-150x200.jpg 150w, https:\/\/politicanewscascavel.com.br\/wp-content\/uploads\/2026\/04\/VOTOS-DE-PRESOS-450x600.jpg 450w, https:\/\/politicanewscascavel.com.br\/wp-content\/uploads\/2026\/04\/VOTOS-DE-PRESOS-110x146.jpg 110w, https:\/\/politicanewscascavel.com.br\/wp-content\/uploads\/2026\/04\/VOTOS-DE-PRESOS.jpg 1200w\" sizes=\"(max-width: 225px) 100vw, 225px\" \/><\/p>\n","protected":false},"excerpt":{"rendered":"<p>Circula nas redes sociais a informa\u00e7\u00e3o de que o Tribunal Superior Eleitoral (TSE) teria \u201cderrubado a proibi\u00e7\u00e3o do voto de presos\u201d para as elei\u00e7\u00f5es de 2026. Mas a realidade \u00e9 diferente \u2014 e exige aten\u00e7\u00e3o. A Justi\u00e7a Eleitoral n\u00e3o autorizou o voto para todos os presos. O que existe, na pr\u00e1tica, \u00e9 a manuten\u00e7\u00e3o de<\/p>\n","protected":false},"author":159,"featured_media":0,"comment_status":"open","ping_status":"open","sticky":false,"template":"","format":"standard","meta":{"footnotes":""},"categories":[1],"tags":[],"class_list":{"0":"post-155893","1":"post","2":"type-post","3":"status-publish","4":"format-standard","6":"category-todas-noticias"},"_links":{"self":[{"href":"https:\/\/politicanewscascavel.com.br\/index.php?rest_route=\/wp\/v2\/posts\/155893","targetHints":{"allow":["GET"]}}],"collection":[{"href":"https:\/\/politicanewscascavel.com.br\/index.php?rest_route=\/wp\/v2\/posts"}],"about":[{"href":"https:\/\/politicanewscascavel.com.br\/index.php?rest_route=\/wp\/v2\/types\/post"}],"author":[{"embeddable":true,"href":"https:\/\/politicanewscascavel.com.br\/index.php?rest_route=\/wp\/v2\/users\/159"}],"replies":[{"embeddable":true,"href":"https:\/\/politicanewscascavel.com.br\/index.php?rest_route=%2Fwp%2Fv2%2Fcomments&post=155893"}],"version-history":[{"count":1,"href":"https:\/\/politicanewscascavel.com.br\/index.php?rest_route=\/wp\/v2\/posts\/155893\/revisions"}],"predecessor-version":[{"id":155895,"href":"https:\/\/politicanewscascavel.com.br\/index.php?rest_route=\/wp\/v2\/posts\/155893\/revisions\/155895"}],"wp:attachment":[{"href":"https:\/\/politicanewscascavel.com.br\/index.php?rest_route=%2Fwp%2Fv2%2Fmedia&parent=155893"}],"wp:term":[{"taxonomy":"category","embeddable":true,"href":"https:\/\/politicanewscascavel.com.br\/index.php?rest_route=%2Fwp%2Fv2%2Fcategories&post=155893"},{"taxonomy":"post_tag","embeddable":true,"href":"https:\/\/politicanewscascavel.com.br\/index.php?rest_route=%2Fwp%2Fv2%2Ftags&post=155893"}],"curies":[{"name":"wp","href":"https:\/\/api.w.org\/{rel}","templated":true}]}}