{"id":155896,"date":"2026-04-24T20:25:21","date_gmt":"2026-04-24T23:25:21","guid":{"rendered":"https:\/\/politicanewscascavel.com.br\/?p=155896"},"modified":"2026-04-24T20:25:21","modified_gmt":"2026-04-24T23:25:21","slug":"juarez-berte-deixa-o-pp-se-filia-ao-pl-e-assume-coordenacao-de-flavio-bolsonaro-no-oeste-do-parana","status":"publish","type":"post","link":"https:\/\/politicanewscascavel.com.br\/?p=155896","title":{"rendered":"Juarez Berte deixa o PP, se filia ao PL e assume coordena\u00e7\u00e3o de Fl\u00e1vio Bolsonaro no Oeste do Paran\u00e1"},"content":{"rendered":"<p>Uma movimenta\u00e7\u00e3o pol\u00edtica de peso marcou o cen\u00e1rio do Oeste paranaense. O empres\u00e1rio e pecuarista Juarez Berte, conhecido como \u201cBertez\u00e3o\u201d, oficializou sua sa\u00edda do Partido Progressistas (PP) e assinou filia\u00e7\u00e3o ao Partido Liberal (PL), fortalecendo o grupo pol\u00edtico da direita na regi\u00e3o.<\/p>\n<p>O ato de filia\u00e7\u00e3o reuniu importantes lideran\u00e7as, como o pr\u00e9-candidato ao governo Sergio Moro, o pr\u00e9-candidato ao Senado Filipe Barros e o pr\u00e9-candidato a deputado estadual F\u00e3o do Bolsonaro.<\/p>\n<p>Durante o encontro, Berte tamb\u00e9m participou de uma chamada telef\u00f4nica que refor\u00e7ou seu alinhamento com lideran\u00e7as nacionais. Na ocasi\u00e3o, ficou definido que ele ter\u00e1 papel estrat\u00e9gico nas elei\u00e7\u00f5es: Juarez Berte ser\u00e1 o coordenador da campanha do senador Fl\u00e1vio Bolsonaro no Oeste do Paran\u00e1.<\/p>\n<p>A defini\u00e7\u00e3o coloca Berte como uma das principais pe\u00e7as na articula\u00e7\u00e3o pol\u00edtica regional, com responsabilidade direta na organiza\u00e7\u00e3o e fortalecimento da campanha presidencial na regi\u00e3o.<\/p>\n<p><img fetchpriority=\"high\" decoding=\"async\" class=\"alignnone size-medium wp-image-155897\" src=\"https:\/\/politicanewscascavel.com.br\/wp-content\/uploads\/2026\/04\/264838e4-20d1-4e1d-9b41-a8059c1b125a-225x300.jpg\" alt=\"\" width=\"225\" height=\"300\" srcset=\"https:\/\/politicanewscascavel.com.br\/wp-content\/uploads\/2026\/04\/264838e4-20d1-4e1d-9b41-a8059c1b125a-225x300.jpg 225w, https:\/\/politicanewscascavel.com.br\/wp-content\/uploads\/2026\/04\/264838e4-20d1-4e1d-9b41-a8059c1b125a-768x1024.jpg 768w, https:\/\/politicanewscascavel.com.br\/wp-content\/uploads\/2026\/04\/264838e4-20d1-4e1d-9b41-a8059c1b125a-150x200.jpg 150w, https:\/\/politicanewscascavel.com.br\/wp-content\/uploads\/2026\/04\/264838e4-20d1-4e1d-9b41-a8059c1b125a-450x600.jpg 450w, https:\/\/politicanewscascavel.com.br\/wp-content\/uploads\/2026\/04\/264838e4-20d1-4e1d-9b41-a8059c1b125a-110x146.jpg 110w, https:\/\/politicanewscascavel.com.br\/wp-content\/uploads\/2026\/04\/264838e4-20d1-4e1d-9b41-a8059c1b125a.jpg 1086w\" sizes=\"(max-width: 225px) 100vw, 225px\" \/><\/p>\n<p>Nos bastidores, a avalia\u00e7\u00e3o \u00e9 de que a filia\u00e7\u00e3o e a nova fun\u00e7\u00e3o de Berte representam um avan\u00e7o significativo na estrutura pol\u00edtica do PL no Oeste, ampliando a base de apoio e consolidando alian\u00e7as para as elei\u00e7\u00f5es.<\/p>\n<p>A movimenta\u00e7\u00e3o tamb\u00e9m evidencia a intensifica\u00e7\u00e3o das articula\u00e7\u00f5es pol\u00edticas na regi\u00e3o, que deve ganhar protagonismo estrat\u00e9gico no pr\u00f3ximo pleito.<\/p>\n<p>\u2e3b<\/p>\n<p>\ud83d\udccc Resumo<\/p>\n<p>* Juarez Berte deixa o PP e se filia ao PL<br \/>\n* Evento reuniu lideran\u00e7as pol\u00edticas do Paran\u00e1<br \/>\n* Berte ser\u00e1 coordenador da campanha de Fl\u00e1vio Bolsonaro no Oeste<br \/>\n* Movimento fortalece o PL e a direita na regi\u00e3o<\/p>\n","protected":false},"excerpt":{"rendered":"<p>Uma movimenta\u00e7\u00e3o pol\u00edtica de peso marcou o cen\u00e1rio do Oeste paranaense. O empres\u00e1rio e pecuarista Juarez Berte, conhecido como \u201cBertez\u00e3o\u201d, oficializou sua sa\u00edda do Partido Progressistas (PP) e assinou filia\u00e7\u00e3o ao Partido Liberal (PL), fortalecendo o grupo pol\u00edtico da direita na regi\u00e3o. O ato de filia\u00e7\u00e3o reuniu importantes lideran\u00e7as, como o pr\u00e9-candidato ao governo Sergio<\/p>\n","protected":false},"author":159,"featured_media":0,"comment_status":"open","ping_status":"open","sticky":false,"template":"","format":"standard","meta":{"footnotes":""},"categories":[1],"tags":[],"class_list":{"0":"post-155896","1":"post","2":"type-post","3":"status-publish","4":"format-standard","6":"category-todas-noticias"},"_links":{"self":[{"href":"https:\/\/politicanewscascavel.com.br\/index.php?rest_route=\/wp\/v2\/posts\/155896","targetHints":{"allow":["GET"]}}],"collection":[{"href":"https:\/\/politicanewscascavel.com.br\/index.php?rest_route=\/wp\/v2\/posts"}],"about":[{"href":"https:\/\/politicanewscascavel.com.br\/index.php?rest_route=\/wp\/v2\/types\/post"}],"author":[{"embeddable":true,"href":"https:\/\/politicanewscascavel.com.br\/index.php?rest_route=\/wp\/v2\/users\/159"}],"replies":[{"embeddable":true,"href":"https:\/\/politicanewscascavel.com.br\/index.php?rest_route=%2Fwp%2Fv2%2Fcomments&post=155896"}],"version-history":[{"count":1,"href":"https:\/\/politicanewscascavel.com.br\/index.php?rest_route=\/wp\/v2\/posts\/155896\/revisions"}],"predecessor-version":[{"id":155898,"href":"https:\/\/politicanewscascavel.com.br\/index.php?rest_route=\/wp\/v2\/posts\/155896\/revisions\/155898"}],"wp:attachment":[{"href":"https:\/\/politicanewscascavel.com.br\/index.php?rest_route=%2Fwp%2Fv2%2Fmedia&parent=155896"}],"wp:term":[{"taxonomy":"category","embeddable":true,"href":"https:\/\/politicanewscascavel.com.br\/index.php?rest_route=%2Fwp%2Fv2%2Fcategories&post=155896"},{"taxonomy":"post_tag","embeddable":true,"href":"https:\/\/politicanewscascavel.com.br\/index.php?rest_route=%2Fwp%2Fv2%2Ftags&post=155896"}],"curies":[{"name":"wp","href":"https:\/\/api.w.org\/{rel}","templated":true}]}}