{"id":156025,"date":"2026-04-25T20:35:16","date_gmt":"2026-04-25T23:35:16","guid":{"rendered":"https:\/\/politicanewscascavel.com.br\/?p=156025"},"modified":"2026-04-25T20:35:16","modified_gmt":"2026-04-25T23:35:16","slug":"falta-de-mao-de-obra-qualificada-ja-impacta-a-construcao-civil-no-brasil","status":"publish","type":"post","link":"https:\/\/politicanewscascavel.com.br\/?p=156025","title":{"rendered":"FALTA DE M\u00c3O DE OBRA QUALIFICADA J\u00c1 IMPACTA A CONSTRU\u00c7\u00c3O CIVIL NO BRASIL"},"content":{"rendered":"<p>A constru\u00e7\u00e3o civil brasileira enfrenta um desafio crescente: a escassez de m\u00e3o de obra qualificada. Com menos jovens ingressando na profiss\u00e3o e muitos trabalhadores experientes se aposentando, o setor j\u00e1 sente os reflexos em atrasos de obras, aumento dos custos e queda na produtividade.<\/p>\n<p>Empresas do setor alertam que a dificuldade para encontrar pedreiros, azulejistas, carpinteiros e outros profissionais especializados tem comprometido n\u00e3o apenas prazos, mas tamb\u00e9m a qualidade das edifica\u00e7\u00f5es.<\/p>\n<p>Especialistas apontam que o problema exp\u00f5e uma falha estrutural na forma\u00e7\u00e3o t\u00e9cnica e na valoriza\u00e7\u00e3o das profiss\u00f5es ligadas \u00e0 constru\u00e7\u00e3o civil. Em muitas regi\u00f5es, construtoras t\u00eam recorrido a solu\u00e7\u00f5es emergenciais para manter obras em andamento.<\/p>\n<p>Ao mesmo tempo, esse cen\u00e1rio vem acelerando a ado\u00e7\u00e3o de novas tecnologias, industrializa\u00e7\u00e3o dos processos e m\u00e9todos construtivos mais modernos, reduzindo a depend\u00eancia da m\u00e3o de obra tradicional.<\/p>\n<p>Sem renova\u00e7\u00e3o de profissionais e maior incentivo \u00e0 qualifica\u00e7\u00e3o, o ritmo de crescimento das cidades e do setor pode ser afetado nos pr\u00f3ximos anos.<\/p>\n<p>Valoriza\u00e7\u00e3o do profissional da constru\u00e7\u00e3o<\/p>\n<p>Apesar dos desafios, o momento tamb\u00e9m abre espa\u00e7o para uma nova vis\u00e3o sobre o setor: reconhecer, valorizar e capacitar os profissionais que literalmente constroem o pa\u00eds.<\/p>\n<p>Fonte: S\u00e3o Carlos Agora \/ adapta\u00e7\u00e3o Pol\u00edtica News Cascavel<img fetchpriority=\"high\" decoding=\"async\" class=\"alignnone size-medium wp-image-156026\" src=\"https:\/\/politicanewscascavel.com.br\/wp-content\/uploads\/2026\/04\/8379e78b-5afe-4353-8337-892fb4be9f70-200x300.jpg\" alt=\"\" width=\"200\" height=\"300\" srcset=\"https:\/\/politicanewscascavel.com.br\/wp-content\/uploads\/2026\/04\/8379e78b-5afe-4353-8337-892fb4be9f70-200x300.jpg 200w, https:\/\/politicanewscascavel.com.br\/wp-content\/uploads\/2026\/04\/8379e78b-5afe-4353-8337-892fb4be9f70-683x1024.jpg 683w, https:\/\/politicanewscascavel.com.br\/wp-content\/uploads\/2026\/04\/8379e78b-5afe-4353-8337-892fb4be9f70-768x1152.jpg 768w, https:\/\/politicanewscascavel.com.br\/wp-content\/uploads\/2026\/04\/8379e78b-5afe-4353-8337-892fb4be9f70-150x225.jpg 150w, https:\/\/politicanewscascavel.com.br\/wp-content\/uploads\/2026\/04\/8379e78b-5afe-4353-8337-892fb4be9f70-450x675.jpg 450w, https:\/\/politicanewscascavel.com.br\/wp-content\/uploads\/2026\/04\/8379e78b-5afe-4353-8337-892fb4be9f70-97x146.jpg 97w, https:\/\/politicanewscascavel.com.br\/wp-content\/uploads\/2026\/04\/8379e78b-5afe-4353-8337-892fb4be9f70.jpg 1024w\" sizes=\"(max-width: 200px) 100vw, 200px\" \/><\/p>\n","protected":false},"excerpt":{"rendered":"<p>A constru\u00e7\u00e3o civil brasileira enfrenta um desafio crescente: a escassez de m\u00e3o de obra qualificada. Com menos jovens ingressando na profiss\u00e3o e muitos trabalhadores experientes se aposentando, o setor j\u00e1 sente os reflexos em atrasos de obras, aumento dos custos e queda na produtividade. Empresas do setor alertam que a dificuldade para encontrar pedreiros, azulejistas,<\/p>\n","protected":false},"author":159,"featured_media":0,"comment_status":"open","ping_status":"open","sticky":false,"template":"","format":"standard","meta":{"footnotes":""},"categories":[1],"tags":[],"class_list":{"0":"post-156025","1":"post","2":"type-post","3":"status-publish","4":"format-standard","6":"category-todas-noticias"},"_links":{"self":[{"href":"https:\/\/politicanewscascavel.com.br\/index.php?rest_route=\/wp\/v2\/posts\/156025","targetHints":{"allow":["GET"]}}],"collection":[{"href":"https:\/\/politicanewscascavel.com.br\/index.php?rest_route=\/wp\/v2\/posts"}],"about":[{"href":"https:\/\/politicanewscascavel.com.br\/index.php?rest_route=\/wp\/v2\/types\/post"}],"author":[{"embeddable":true,"href":"https:\/\/politicanewscascavel.com.br\/index.php?rest_route=\/wp\/v2\/users\/159"}],"replies":[{"embeddable":true,"href":"https:\/\/politicanewscascavel.com.br\/index.php?rest_route=%2Fwp%2Fv2%2Fcomments&post=156025"}],"version-history":[{"count":1,"href":"https:\/\/politicanewscascavel.com.br\/index.php?rest_route=\/wp\/v2\/posts\/156025\/revisions"}],"predecessor-version":[{"id":156027,"href":"https:\/\/politicanewscascavel.com.br\/index.php?rest_route=\/wp\/v2\/posts\/156025\/revisions\/156027"}],"wp:attachment":[{"href":"https:\/\/politicanewscascavel.com.br\/index.php?rest_route=%2Fwp%2Fv2%2Fmedia&parent=156025"}],"wp:term":[{"taxonomy":"category","embeddable":true,"href":"https:\/\/politicanewscascavel.com.br\/index.php?rest_route=%2Fwp%2Fv2%2Fcategories&post=156025"},{"taxonomy":"post_tag","embeddable":true,"href":"https:\/\/politicanewscascavel.com.br\/index.php?rest_route=%2Fwp%2Fv2%2Ftags&post=156025"}],"curies":[{"name":"wp","href":"https:\/\/api.w.org\/{rel}","templated":true}]}}