{"id":156082,"date":"2026-04-26T05:42:13","date_gmt":"2026-04-26T08:42:13","guid":{"rendered":"https:\/\/politicanewscascavel.com.br\/?p=156082"},"modified":"2026-04-26T05:42:13","modified_gmt":"2026-04-26T08:42:13","slug":"estudos-da-usp-apontam-beneficios-da-escrita-cursiva-para-memoria-e-coordenacao-motora-2","status":"publish","type":"post","link":"https:\/\/politicanewscascavel.com.br\/?p=156082","title":{"rendered":"Estudos da USP apontam benef\u00edcios da escrita cursiva para mem\u00f3ria e coordena\u00e7\u00e3o motora"},"content":{"rendered":"\n<div>\n<p><strong>Especialistas destacam impactos no desenvolvimento cognitivo e no processo de aprendizagem<\/strong><\/p>\n<p>Pesquisadores da Universidade de S\u00e3o Paulo (USP) apontam que o uso da <strong>letra cursiva contribui para o desenvolvimento da coordena\u00e7\u00e3o motora e da mem\u00f3ria<\/strong>, especialmente em fases iniciais da aprendizagem. O tema tem ganhado relev\u00e2ncia em meio ao avan\u00e7o do uso de dispositivos digitais na educa\u00e7\u00e3o.<\/p>\n<p>De acordo com especialistas, o ato de escrever \u00e0 m\u00e3o ativa <strong>\u00e1reas do c\u00e9rebro relacionadas \u00e0 memoriza\u00e7\u00e3o, compreens\u00e3o e organiza\u00e7\u00e3o do pensamento<\/strong>, o que pode favorecer o aprendizado em compara\u00e7\u00e3o \u00e0 digita\u00e7\u00e3o em dispositivos eletr\u00f4nicos.<\/p>\n<p>Os estudos indicam que a pr\u00e1tica da escrita cursiva exige <strong>maior controle motor fino e integra\u00e7\u00e3o entre pensamento e movimento<\/strong>, fatores que ajudam no desenvolvimento cognitivo. Al\u00e9m disso, o processo pode contribuir para <strong>reten\u00e7\u00e3o de informa\u00e7\u00f5es e melhor assimila\u00e7\u00e3o de conte\u00fados escolares<\/strong>.<\/p>\n<p>O debate ocorre em um cen\u00e1rio de mudan\u00e7as nos m\u00e9todos de ensino, com redu\u00e7\u00e3o do uso da escrita manual em algumas institui\u00e7\u00f5es. Especialistas defendem que a cursiva n\u00e3o deve ser abandonada, mas sim integrada \u00e0s novas tecnologias como <strong>ferramenta complementar no processo educacional<\/strong>.<\/p>\n<p>Ainda segundo os pesquisadores, a substitui\u00e7\u00e3o total da escrita manual por meios digitais pode gerar impactos no desenvolvimento de habilidades essenciais, especialmente em crian\u00e7as. Por isso, a recomenda\u00e7\u00e3o \u00e9 manter pr\u00e1ticas que estimulem <strong>tanto a escrita tradicional quanto o uso consciente de tecnologias<\/strong>.<\/p>\n<p>O tema segue em discuss\u00e3o no meio acad\u00eamico e educacional, com foco em encontrar equil\u00edbrio entre inova\u00e7\u00e3o tecnol\u00f3gica e preserva\u00e7\u00e3o de pr\u00e1ticas que contribuem para o desenvolvimento integral dos estudantes.<\/p>\n<p><strong>HostingPRESS Ag\u00eancia de Not\u00edcias de S\u00e3o Paulo<\/strong><br \/>Conte\u00fado distribu\u00eddo por nossa Central de Jornalismo<br \/>Reprodu\u00e7\u00e3o autorizada mediante cr\u00e9dito da fonte<\/p>\n<p>Portal criado para conectar os leitores da regi\u00e3o ao melhor conte\u00fado<\/p>\n<p>Somos l\u00edderes de audi\u00eancia local. Somos sociais.\u00a0Conecte-se conosco.<\/p>\n<\/p><\/div>\n<section>  \t<img alt=\"Avatar photo\" src=\"https:\/\/hostingpress.com.br\/wp-content\/uploads\/2026\/03\/cropped-Divilgacao-95x95.jpeg\"  height=\"95\" width=\"95\" decoding=\"async\">\t \t<\/p>\n<div>\n<p>Vinicius Moror\u00f3<\/p>\n<p>Editor-Executivo-Regional | Jornalista | Diretor Editorial    Editor-Executivo-Regional da HostingPress Ag\u00eancia de Not\u00edcias de S\u00e3o Paulo, com atua\u00e7\u00e3o voltada \u00e0 coordena\u00e7\u00e3o editorial regional, articula\u00e7\u00e3o com ve\u00edculos parceiros e fortalecimento da distribui\u00e7\u00e3o de conte\u00fado jornal\u00edstico no Estado de S\u00e3o Paulo.      Editor-chefe do Jornal Impacto Cotia, com foco em jornalismo investigativo, interesse p\u00fablico e an\u00e1lise cr\u00edtica de temas pol\u00edticos, sociais e institucionais.<\/p>\n<\/p><\/div>\n<\/section>\n","protected":false},"excerpt":{"rendered":"<p>Especialistas destacam impactos no desenvolvimento cognitivo e no processo de aprendizagem Pesquisadores da Universidade de S\u00e3o Paulo (USP) apontam que o uso da letra cursiva contribui para o desenvolvimento da coordena\u00e7\u00e3o motora e da mem\u00f3ria, especialmente em fases iniciais da aprendizagem. O tema tem ganhado relev\u00e2ncia em meio ao avan\u00e7o do uso de dispositivos digitais<\/p>\n","protected":false},"author":808,"featured_media":156084,"comment_status":"closed","ping_status":"closed","sticky":false,"template":"","format":"standard","meta":{"footnotes":""},"categories":[37],"tags":[],"class_list":{"0":"post-156082","1":"post","2":"type-post","3":"status-publish","4":"format-standard","5":"has-post-thumbnail","7":"category-educacao"},"_links":{"self":[{"href":"https:\/\/politicanewscascavel.com.br\/index.php?rest_route=\/wp\/v2\/posts\/156082","targetHints":{"allow":["GET"]}}],"collection":[{"href":"https:\/\/politicanewscascavel.com.br\/index.php?rest_route=\/wp\/v2\/posts"}],"about":[{"href":"https:\/\/politicanewscascavel.com.br\/index.php?rest_route=\/wp\/v2\/types\/post"}],"author":[{"embeddable":true,"href":"https:\/\/politicanewscascavel.com.br\/index.php?rest_route=\/wp\/v2\/users\/808"}],"replies":[{"embeddable":true,"href":"https:\/\/politicanewscascavel.com.br\/index.php?rest_route=%2Fwp%2Fv2%2Fcomments&post=156082"}],"version-history":[{"count":0,"href":"https:\/\/politicanewscascavel.com.br\/index.php?rest_route=\/wp\/v2\/posts\/156082\/revisions"}],"wp:featuredmedia":[{"embeddable":true,"href":"https:\/\/politicanewscascavel.com.br\/index.php?rest_route=\/wp\/v2\/media\/156084"}],"wp:attachment":[{"href":"https:\/\/politicanewscascavel.com.br\/index.php?rest_route=%2Fwp%2Fv2%2Fmedia&parent=156082"}],"wp:term":[{"taxonomy":"category","embeddable":true,"href":"https:\/\/politicanewscascavel.com.br\/index.php?rest_route=%2Fwp%2Fv2%2Fcategories&post=156082"},{"taxonomy":"post_tag","embeddable":true,"href":"https:\/\/politicanewscascavel.com.br\/index.php?rest_route=%2Fwp%2Fv2%2Ftags&post=156082"}],"curies":[{"name":"wp","href":"https:\/\/api.w.org\/{rel}","templated":true}]}}