{"id":156224,"date":"2026-04-26T18:40:06","date_gmt":"2026-04-26T21:40:06","guid":{"rendered":"https:\/\/politicanewscascavel.com.br\/?p=156224"},"modified":"2026-04-26T18:40:06","modified_gmt":"2026-04-26T21:40:06","slug":"congresso-do-pt-exibe-banner-em-defesa-de-maduro-e-episodio-gera-forte-repercussao-politica","status":"publish","type":"post","link":"https:\/\/politicanewscascavel.com.br\/?p=156224","title":{"rendered":"Congresso do PT exibe banner em defesa de Maduro e epis\u00f3dio gera forte repercuss\u00e3o pol\u00edtica"},"content":{"rendered":"<p>Um epis\u00f3dio ocorrido durante o 8\u00ba Congresso Brasil Justo, promovido pelo Partido dos Trabalhadores (PT), em Bras\u00edlia, gerou forte repercuss\u00e3o pol\u00edtica e rea\u00e7\u00e3o nas redes sociais. Um banner com a frase em espanhol \u201cLos queremos de vuelta\u201d (\u201cN\u00f3s os queremos de volta\u201d), em refer\u00eancia a Nicol\u00e1s Maduro e sua esposa Cilia Flores, foi exibido durante o evento e rapidamente provocou debates e cr\u00edticas.<\/p>\n<p>A manifesta\u00e7\u00e3o ocorreu em meio ao discurso de solidariedade ao l\u00edder venezuelano e ganhou dimens\u00e3o nacional por envolver o nome de Maduro, frequentemente associado por cr\u00edticos a autoritarismo, crise econ\u00f4mica e viola\u00e7\u00f5es de liberdades na Venezuela.<\/p>\n<p>A exibi\u00e7\u00e3o do material foi interpretada por opositores como um gesto pol\u00edtico simb\u00f3lico de alinhamento ideol\u00f3gico e reacendeu discuss\u00f5es sobre a rela\u00e7\u00e3o hist\u00f3rica de setores da esquerda latino-americana com o regime venezuelano.<\/p>\n<p>Cr\u00edticos do epis\u00f3dio apontam que o gesto passa uma mensagem preocupante diante do hist\u00f3rico da Venezuela e questionam o simbolismo de defender o retorno de uma lideran\u00e7a t\u00e3o controversa.<\/p>\n<p>Nas redes sociais, o caso repercutiu intensamente, com manifesta\u00e7\u00f5es de indigna\u00e7\u00e3o e cobran\u00e7as por explica\u00e7\u00f5es. At\u00e9 o momento, segundo divulgado, o PT n\u00e3o apresentou posicionamento oficial sobre o epis\u00f3dio.<\/p>\n<p>O caso tamb\u00e9m reacende um debate maior sobre democracia, liberdade e os rumos ideol\u00f3gicos da pol\u00edtica na Am\u00e9rica Latina, tema que segue mobilizando opini\u00f5es no Brasil.<\/p>\n<p>Para opositores, o epis\u00f3dio exp\u00f5e mais que um banner: revela afinidades pol\u00edticas que voltam ao centro do debate nacional.<\/p>\n<p>Fonte: Jovem Pan News<img fetchpriority=\"high\" decoding=\"async\" class=\"alignnone size-medium wp-image-156225\" src=\"https:\/\/politicanewscascavel.com.br\/wp-content\/uploads\/2026\/04\/46c543d3-53d9-46fc-93c6-4e79836d5a49-239x300.jpg\" alt=\"\" width=\"239\" height=\"300\" srcset=\"https:\/\/politicanewscascavel.com.br\/wp-content\/uploads\/2026\/04\/46c543d3-53d9-46fc-93c6-4e79836d5a49-239x300.jpg 239w, https:\/\/politicanewscascavel.com.br\/wp-content\/uploads\/2026\/04\/46c543d3-53d9-46fc-93c6-4e79836d5a49-817x1024.jpg 817w, https:\/\/politicanewscascavel.com.br\/wp-content\/uploads\/2026\/04\/46c543d3-53d9-46fc-93c6-4e79836d5a49-768x963.jpg 768w, https:\/\/politicanewscascavel.com.br\/wp-content\/uploads\/2026\/04\/46c543d3-53d9-46fc-93c6-4e79836d5a49-1225x1536.jpg 1225w, https:\/\/politicanewscascavel.com.br\/wp-content\/uploads\/2026\/04\/46c543d3-53d9-46fc-93c6-4e79836d5a49-150x188.jpg 150w, https:\/\/politicanewscascavel.com.br\/wp-content\/uploads\/2026\/04\/46c543d3-53d9-46fc-93c6-4e79836d5a49-450x564.jpg 450w, https:\/\/politicanewscascavel.com.br\/wp-content\/uploads\/2026\/04\/46c543d3-53d9-46fc-93c6-4e79836d5a49-1200x1505.jpg 1200w, https:\/\/politicanewscascavel.com.br\/wp-content\/uploads\/2026\/04\/46c543d3-53d9-46fc-93c6-4e79836d5a49-116x146.jpg 116w, https:\/\/politicanewscascavel.com.br\/wp-content\/uploads\/2026\/04\/46c543d3-53d9-46fc-93c6-4e79836d5a49.jpg 1276w\" sizes=\"(max-width: 239px) 100vw, 239px\" \/><\/p>\n","protected":false},"excerpt":{"rendered":"<p>Um epis\u00f3dio ocorrido durante o 8\u00ba Congresso Brasil Justo, promovido pelo Partido dos Trabalhadores (PT), em Bras\u00edlia, gerou forte repercuss\u00e3o pol\u00edtica e rea\u00e7\u00e3o nas redes sociais. Um banner com a frase em espanhol \u201cLos queremos de vuelta\u201d (\u201cN\u00f3s os queremos de volta\u201d), em refer\u00eancia a Nicol\u00e1s Maduro e sua esposa Cilia Flores, foi exibido durante<\/p>\n","protected":false},"author":159,"featured_media":0,"comment_status":"open","ping_status":"open","sticky":false,"template":"","format":"standard","meta":{"footnotes":""},"categories":[1],"tags":[],"class_list":{"0":"post-156224","1":"post","2":"type-post","3":"status-publish","4":"format-standard","6":"category-todas-noticias"},"_links":{"self":[{"href":"https:\/\/politicanewscascavel.com.br\/index.php?rest_route=\/wp\/v2\/posts\/156224","targetHints":{"allow":["GET"]}}],"collection":[{"href":"https:\/\/politicanewscascavel.com.br\/index.php?rest_route=\/wp\/v2\/posts"}],"about":[{"href":"https:\/\/politicanewscascavel.com.br\/index.php?rest_route=\/wp\/v2\/types\/post"}],"author":[{"embeddable":true,"href":"https:\/\/politicanewscascavel.com.br\/index.php?rest_route=\/wp\/v2\/users\/159"}],"replies":[{"embeddable":true,"href":"https:\/\/politicanewscascavel.com.br\/index.php?rest_route=%2Fwp%2Fv2%2Fcomments&post=156224"}],"version-history":[{"count":1,"href":"https:\/\/politicanewscascavel.com.br\/index.php?rest_route=\/wp\/v2\/posts\/156224\/revisions"}],"predecessor-version":[{"id":156226,"href":"https:\/\/politicanewscascavel.com.br\/index.php?rest_route=\/wp\/v2\/posts\/156224\/revisions\/156226"}],"wp:attachment":[{"href":"https:\/\/politicanewscascavel.com.br\/index.php?rest_route=%2Fwp%2Fv2%2Fmedia&parent=156224"}],"wp:term":[{"taxonomy":"category","embeddable":true,"href":"https:\/\/politicanewscascavel.com.br\/index.php?rest_route=%2Fwp%2Fv2%2Fcategories&post=156224"},{"taxonomy":"post_tag","embeddable":true,"href":"https:\/\/politicanewscascavel.com.br\/index.php?rest_route=%2Fwp%2Fv2%2Ftags&post=156224"}],"curies":[{"name":"wp","href":"https:\/\/api.w.org\/{rel}","templated":true}]}}