{"id":156227,"date":"2026-04-26T18:42:09","date_gmt":"2026-04-26T21:42:09","guid":{"rendered":"https:\/\/politicanewscascavel.com.br\/?p=156227"},"modified":"2026-04-26T18:42:09","modified_gmt":"2026-04-26T21:42:09","slug":"rejeicao-a-lula-cresce-preocupa-governo-e-expoe-distanciamento-com-os-jovens-para-2026","status":"publish","type":"post","link":"https:\/\/politicanewscascavel.com.br\/?p=156227","title":{"rendered":"Rejei\u00e7\u00e3o a Lula cresce, preocupa governo e exp\u00f5e distanciamento com os jovens para 2026"},"content":{"rendered":"<p>O cen\u00e1rio pol\u00edtico para 2026 come\u00e7a a ganhar novos contornos diante do aumento da rejei\u00e7\u00e3o ao presidente Lula apontado por pesquisas recentes. O levantamento Genial\/Quaest mostra crescimento da desaprova\u00e7\u00e3o ao governo e acende alerta dentro do Pal\u00e1cio do Planalto em meio ao desgaste provocado por infla\u00e7\u00e3o, aumento do custo de vida, frustra\u00e7\u00f5es econ\u00f4micas e cr\u00edticas \u00e0 condu\u00e7\u00e3o do pa\u00eds.<\/p>\n<p>Pela primeira vez em muito tempo, analistas avaliam que o presidente enfrenta um ambiente mais desafiador, inclusive com discuss\u00f5es sobre dificuldades eleitorais j\u00e1 em um eventual primeiro turno caso o cen\u00e1rio se mantenha.<\/p>\n<p>Al\u00e9m da insatisfa\u00e7\u00e3o popular com a economia, um fator come\u00e7a a chamar aten\u00e7\u00e3o nos bastidores pol\u00edticos: o afastamento de parte da juventude em rela\u00e7\u00e3o ao atual governo. Muitos jovens t\u00eam demonstrado resist\u00eancia a projetos pol\u00edticos ligados ao passado e cobram renova\u00e7\u00e3o, meritocracia, liberdade econ\u00f4mica e um pa\u00eds com mais oportunidades.<\/p>\n<p>Entre setores mais cr\u00edticos ao governo, cresce o discurso de que a nova gera\u00e7\u00e3o n\u00e3o quer um Brasil marcado por esc\u00e2ndalos de corrup\u00e7\u00e3o, inseguran\u00e7a jur\u00eddica e retrocessos econ\u00f4micos. Para esse grupo, o pa\u00eds precisa olhar para frente e n\u00e3o reviver pr\u00e1ticas pol\u00edticas rejeitadas por grande parte da popula\u00e7\u00e3o.<\/p>\n<p>A oposi\u00e7\u00e3o v\u00ea nesse movimento um sinal claro de desgaste e aposta que o sentimento de mudan\u00e7a pode crescer at\u00e9 2026. O aumento da rejei\u00e7\u00e3o, segundo observadores, pode ser reflexo de uma combina\u00e7\u00e3o de fatores: promessas frustradas, aumento da carga tribut\u00e1ria, dificuldades econ\u00f4micas e perda de apoio em segmentos estrat\u00e9gicos.<\/p>\n<p>Nos bastidores, o debate j\u00e1 n\u00e3o \u00e9 apenas sobre aprova\u00e7\u00e3o de governo, mas sobre viabilidade pol\u00edtica futura. O tema ganhou for\u00e7a justamente porque o eleitor jovem, hoje mais conectado e participativo, tende a influenciar fortemente o rumo das pr\u00f3ximas elei\u00e7\u00f5es.<\/p>\n<p>Se antes o governo apostava em estabilidade pol\u00edtica, agora o crescimento da desaprova\u00e7\u00e3o e a mudan\u00e7a de humor do eleitorado colocam um novo ingrediente no tabuleiro de 2026: a possibilidade de uma disputa muito mais aberta do que se imaginava.<\/p>\n<p>Pol\u00edtica News Cascavel<img fetchpriority=\"high\" decoding=\"async\" class=\"alignnone size-medium wp-image-156228\" src=\"https:\/\/politicanewscascavel.com.br\/wp-content\/uploads\/2026\/04\/a00f717d-bf00-41e7-b535-65d8888e9daf-240x300.jpg\" alt=\"\" width=\"240\" height=\"300\" srcset=\"https:\/\/politicanewscascavel.com.br\/wp-content\/uploads\/2026\/04\/a00f717d-bf00-41e7-b535-65d8888e9daf-240x300.jpg 240w, https:\/\/politicanewscascavel.com.br\/wp-content\/uploads\/2026\/04\/a00f717d-bf00-41e7-b535-65d8888e9daf-819x1024.jpg 819w, https:\/\/politicanewscascavel.com.br\/wp-content\/uploads\/2026\/04\/a00f717d-bf00-41e7-b535-65d8888e9daf-768x960.jpg 768w, https:\/\/politicanewscascavel.com.br\/wp-content\/uploads\/2026\/04\/a00f717d-bf00-41e7-b535-65d8888e9daf-150x187.jpg 150w, https:\/\/politicanewscascavel.com.br\/wp-content\/uploads\/2026\/04\/a00f717d-bf00-41e7-b535-65d8888e9daf-450x562.jpg 450w, https:\/\/politicanewscascavel.com.br\/wp-content\/uploads\/2026\/04\/a00f717d-bf00-41e7-b535-65d8888e9daf-117x146.jpg 117w, https:\/\/politicanewscascavel.com.br\/wp-content\/uploads\/2026\/04\/a00f717d-bf00-41e7-b535-65d8888e9daf.jpg 1122w\" sizes=\"(max-width: 240px) 100vw, 240px\" \/><\/p>\n","protected":false},"excerpt":{"rendered":"<p>O cen\u00e1rio pol\u00edtico para 2026 come\u00e7a a ganhar novos contornos diante do aumento da rejei\u00e7\u00e3o ao presidente Lula apontado por pesquisas recentes. O levantamento Genial\/Quaest mostra crescimento da desaprova\u00e7\u00e3o ao governo e acende alerta dentro do Pal\u00e1cio do Planalto em meio ao desgaste provocado por infla\u00e7\u00e3o, aumento do custo de vida, frustra\u00e7\u00f5es econ\u00f4micas e cr\u00edticas<\/p>\n","protected":false},"author":159,"featured_media":0,"comment_status":"open","ping_status":"open","sticky":false,"template":"","format":"standard","meta":{"footnotes":""},"categories":[1],"tags":[],"class_list":{"0":"post-156227","1":"post","2":"type-post","3":"status-publish","4":"format-standard","6":"category-todas-noticias"},"_links":{"self":[{"href":"https:\/\/politicanewscascavel.com.br\/index.php?rest_route=\/wp\/v2\/posts\/156227","targetHints":{"allow":["GET"]}}],"collection":[{"href":"https:\/\/politicanewscascavel.com.br\/index.php?rest_route=\/wp\/v2\/posts"}],"about":[{"href":"https:\/\/politicanewscascavel.com.br\/index.php?rest_route=\/wp\/v2\/types\/post"}],"author":[{"embeddable":true,"href":"https:\/\/politicanewscascavel.com.br\/index.php?rest_route=\/wp\/v2\/users\/159"}],"replies":[{"embeddable":true,"href":"https:\/\/politicanewscascavel.com.br\/index.php?rest_route=%2Fwp%2Fv2%2Fcomments&post=156227"}],"version-history":[{"count":1,"href":"https:\/\/politicanewscascavel.com.br\/index.php?rest_route=\/wp\/v2\/posts\/156227\/revisions"}],"predecessor-version":[{"id":156229,"href":"https:\/\/politicanewscascavel.com.br\/index.php?rest_route=\/wp\/v2\/posts\/156227\/revisions\/156229"}],"wp:attachment":[{"href":"https:\/\/politicanewscascavel.com.br\/index.php?rest_route=%2Fwp%2Fv2%2Fmedia&parent=156227"}],"wp:term":[{"taxonomy":"category","embeddable":true,"href":"https:\/\/politicanewscascavel.com.br\/index.php?rest_route=%2Fwp%2Fv2%2Fcategories&post=156227"},{"taxonomy":"post_tag","embeddable":true,"href":"https:\/\/politicanewscascavel.com.br\/index.php?rest_route=%2Fwp%2Fv2%2Ftags&post=156227"}],"curies":[{"name":"wp","href":"https:\/\/api.w.org\/{rel}","templated":true}]}}