{"id":156230,"date":"2026-04-26T19:42:54","date_gmt":"2026-04-26T22:42:54","guid":{"rendered":"https:\/\/politicanewscascavel.com.br\/?p=156230"},"modified":"2026-04-26T19:42:54","modified_gmt":"2026-04-26T22:42:54","slug":"arrecadacao-com-taxacao-dos-super-ricos-frustra-expectativa-e-levanta-debate-sobre-efeitos-economicos","status":"publish","type":"post","link":"https:\/\/politicanewscascavel.com.br\/?p=156230","title":{"rendered":"Arrecada\u00e7\u00e3o com taxa\u00e7\u00e3o dos super-ricos frustra expectativa e levanta debate sobre efeitos econ\u00f4micos"},"content":{"rendered":"<p>A promessa do governo federal de ampliar arrecada\u00e7\u00e3o com a taxa\u00e7\u00e3o sobre grandes dividendos e altas rendas volta ao centro do debate ap\u00f3s n\u00fameros iniciais ficarem muito abaixo da expectativa projetada. Segundo an\u00e1lises divulgadas por especialistas do mercado, a medida que tinha potencial estimado de arrecadar R$ 30 bilh\u00f5es, teria gerado at\u00e9 agora uma fra\u00e7\u00e3o muito inferior da meta.<\/p>\n<p>O resultado reacendeu discuss\u00f5es sobre os limites da tributa\u00e7\u00e3o como ferramenta de arrecada\u00e7\u00e3o e sobre poss\u00edveis efeitos colaterais de pol\u00edticas fiscais sobre investimentos, distribui\u00e7\u00e3o de capital e confian\u00e7a do mercado.<\/p>\n<p>Especialistas apontam que, diante da nova regra, empresas e investidores anteciparam movimentos para reduzir impacto tribut\u00e1rio, incluindo antecipa\u00e7\u00e3o de dividendos e reorganiza\u00e7\u00f5es patrimoniais. O efeito, segundo cr\u00edticos, teria diminu\u00eddo a arrecada\u00e7\u00e3o esperada e exposto dificuldades de execu\u00e7\u00e3o da pol\u00edtica.<\/p>\n<p>Outro ponto que gerou repercuss\u00e3o foi a avalia\u00e7\u00e3o de que, em vez de ampliar receitas como previsto, a medida teria incentivado fuga de capitais e rea\u00e7\u00f5es defensivas do mercado, alimentando cr\u00edticas de que a conta pode acabar recaindo sobre outros contribuintes caso a arrecada\u00e7\u00e3o n\u00e3o feche.<\/p>\n<p>Economistas contr\u00e1rios \u00e0 proposta voltaram a citar a chamada Curva de Laffer, teoria segundo a qual aumentos de impostos podem, em determinados cen\u00e1rios, reduzir \u2014 e n\u00e3o elevar \u2014 a arrecada\u00e7\u00e3o.<\/p>\n<p>O epis\u00f3dio tamb\u00e9m reacende um debate mais amplo: at\u00e9 que ponto elevar tributos sobre patrim\u00f4nio e dividendos gera justi\u00e7a fiscal ou desestimula investimentos e crescimento?<\/p>\n<p>Enquanto o governo defende a medida como instrumento de equil\u00edbrio tribut\u00e1rio, cr\u00edticos afirmam que o caso mostra que promessas fiscais nem sempre se confirmam na pr\u00e1tica.<\/p>\n<p>Para analistas, o principal alerta \u00e9 que, se a arrecada\u00e7\u00e3o projetada n\u00e3o se materializar, pode crescer press\u00e3o por novas fontes de receita \u2014 e isso reacende o temor de mais impostos para a popula\u00e7\u00e3o.<\/p>\n<p>Quando a conta n\u00e3o fecha, o mercado reage \u2014 e o contribuinte acompanha atento os pr\u00f3ximos movimentos.<\/p>\n<p>Pol\u00edtica News Cascavel<img fetchpriority=\"high\" decoding=\"async\" class=\"alignnone size-medium wp-image-156231\" src=\"https:\/\/politicanewscascavel.com.br\/wp-content\/uploads\/2026\/04\/4964dd71-79fd-4a8e-b49f-b8dd0155543a-240x300.jpg\" alt=\"\" width=\"240\" height=\"300\" srcset=\"https:\/\/politicanewscascavel.com.br\/wp-content\/uploads\/2026\/04\/4964dd71-79fd-4a8e-b49f-b8dd0155543a-240x300.jpg 240w, https:\/\/politicanewscascavel.com.br\/wp-content\/uploads\/2026\/04\/4964dd71-79fd-4a8e-b49f-b8dd0155543a-819x1024.jpg 819w, https:\/\/politicanewscascavel.com.br\/wp-content\/uploads\/2026\/04\/4964dd71-79fd-4a8e-b49f-b8dd0155543a-768x960.jpg 768w, https:\/\/politicanewscascavel.com.br\/wp-content\/uploads\/2026\/04\/4964dd71-79fd-4a8e-b49f-b8dd0155543a-150x187.jpg 150w, https:\/\/politicanewscascavel.com.br\/wp-content\/uploads\/2026\/04\/4964dd71-79fd-4a8e-b49f-b8dd0155543a-450x562.jpg 450w, https:\/\/politicanewscascavel.com.br\/wp-content\/uploads\/2026\/04\/4964dd71-79fd-4a8e-b49f-b8dd0155543a-117x146.jpg 117w, https:\/\/politicanewscascavel.com.br\/wp-content\/uploads\/2026\/04\/4964dd71-79fd-4a8e-b49f-b8dd0155543a.jpg 1122w\" sizes=\"(max-width: 240px) 100vw, 240px\" \/><\/p>\n","protected":false},"excerpt":{"rendered":"<p>A promessa do governo federal de ampliar arrecada\u00e7\u00e3o com a taxa\u00e7\u00e3o sobre grandes dividendos e altas rendas volta ao centro do debate ap\u00f3s n\u00fameros iniciais ficarem muito abaixo da expectativa projetada. Segundo an\u00e1lises divulgadas por especialistas do mercado, a medida que tinha potencial estimado de arrecadar R$ 30 bilh\u00f5es, teria gerado at\u00e9 agora uma fra\u00e7\u00e3o<\/p>\n","protected":false},"author":159,"featured_media":0,"comment_status":"open","ping_status":"open","sticky":false,"template":"","format":"standard","meta":{"footnotes":""},"categories":[1],"tags":[],"class_list":{"0":"post-156230","1":"post","2":"type-post","3":"status-publish","4":"format-standard","6":"category-todas-noticias"},"_links":{"self":[{"href":"https:\/\/politicanewscascavel.com.br\/index.php?rest_route=\/wp\/v2\/posts\/156230","targetHints":{"allow":["GET"]}}],"collection":[{"href":"https:\/\/politicanewscascavel.com.br\/index.php?rest_route=\/wp\/v2\/posts"}],"about":[{"href":"https:\/\/politicanewscascavel.com.br\/index.php?rest_route=\/wp\/v2\/types\/post"}],"author":[{"embeddable":true,"href":"https:\/\/politicanewscascavel.com.br\/index.php?rest_route=\/wp\/v2\/users\/159"}],"replies":[{"embeddable":true,"href":"https:\/\/politicanewscascavel.com.br\/index.php?rest_route=%2Fwp%2Fv2%2Fcomments&post=156230"}],"version-history":[{"count":1,"href":"https:\/\/politicanewscascavel.com.br\/index.php?rest_route=\/wp\/v2\/posts\/156230\/revisions"}],"predecessor-version":[{"id":156232,"href":"https:\/\/politicanewscascavel.com.br\/index.php?rest_route=\/wp\/v2\/posts\/156230\/revisions\/156232"}],"wp:attachment":[{"href":"https:\/\/politicanewscascavel.com.br\/index.php?rest_route=%2Fwp%2Fv2%2Fmedia&parent=156230"}],"wp:term":[{"taxonomy":"category","embeddable":true,"href":"https:\/\/politicanewscascavel.com.br\/index.php?rest_route=%2Fwp%2Fv2%2Fcategories&post=156230"},{"taxonomy":"post_tag","embeddable":true,"href":"https:\/\/politicanewscascavel.com.br\/index.php?rest_route=%2Fwp%2Fv2%2Ftags&post=156230"}],"curies":[{"name":"wp","href":"https:\/\/api.w.org\/{rel}","templated":true}]}}