{"id":156391,"date":"2026-04-27T18:56:32","date_gmt":"2026-04-27T21:56:32","guid":{"rendered":"https:\/\/politicanewscascavel.com.br\/?p=156391"},"modified":"2026-04-27T18:56:32","modified_gmt":"2026-04-27T21:56:32","slug":"cascavel-tera-primeira-rua-tematica-dedicada-a-cultura-ucraniana","status":"publish","type":"post","link":"https:\/\/politicanewscascavel.com.br\/?p=156391","title":{"rendered":"Cascavel ter\u00e1 primeira rua tem\u00e1tica dedicada \u00e0 cultura ucraniana"},"content":{"rendered":"<p>A cidade de Cascavel vai ganhar um novo marco cultural e tur\u00edstico. Com recursos do Governo Federal e articula\u00e7\u00e3o da comunidade ucraniana local, ser\u00e1 implantada a Rua Ucr\u00e2nia, no bairro S\u00e3o Crist\u00f3v\u00e3o, em frente \u00e0 igreja ucraniana, em um projeto que promete valorizar a hist\u00f3ria e as tradi\u00e7\u00f5es de uma das comunidades mais presentes no munic\u00edpio.<\/p>\n<p>O projeto prev\u00ea um espa\u00e7o tem\u00e1tico com p\u00f3rtico monumental, cal\u00e7amento estilizado, murais culturais e elementos simb\u00f3licos tradicionais, transformando o local em um novo ponto de visita\u00e7\u00e3o e identidade cultural.<\/p>\n<p>Segundo a proposta apresentada pela Prefeitura de Cascavel, o investimento ser\u00e1 de R$ 300 mil, com entrega prevista para 24 de agosto de 2026, data da independ\u00eancia da Ucr\u00e2nia.<\/p>\n<p>\u2728 Um resgate hist\u00f3rico e cultural<\/p>\n<p>A iniciativa atende uma reivindica\u00e7\u00e3o hist\u00f3rica da Associa\u00e7\u00e3o Ucraniana de Cascavel e busca homenagear a forte contribui\u00e7\u00e3o dos descendentes ucranianos para a forma\u00e7\u00e3o da cidade.<\/p>\n<p>Al\u00e9m da revitaliza\u00e7\u00e3o urbana, o espa\u00e7o dever\u00e1 fortalecer o turismo cultural e se tornar um s\u00edmbolo da diversidade de Cascavel.<\/p>\n<p>\ud83d\udcac \u201cUm sonho saindo do papel\u201d<\/p>\n<p>Para membros da comunidade, a obra representa a concretiza\u00e7\u00e3o de um sonho antigo e um reconhecimento \u00e0s ra\u00edzes preservadas por gera\u00e7\u00f5es.<\/p>\n<p>Com refer\u00eancias arquitet\u00f4nicas e s\u00edmbolos tradicionais, a nova Rua Ucr\u00e2nia promete unir mem\u00f3ria, beleza e pertencimento em um dos bairros mais tradicionais da cidade.<\/p>\n<p>\ud83d\udcf0 Pol\u00edtica News Cascavel<\/p>\n<p>Fonte: Prefeitura de Cascavel<img fetchpriority=\"high\" decoding=\"async\" class=\"alignnone size-medium wp-image-156392\" src=\"https:\/\/politicanewscascavel.com.br\/wp-content\/uploads\/2026\/04\/17458105-0e45-45f9-879c-e73b35fbc031-300x200.jpg\" alt=\"\" width=\"300\" height=\"200\" srcset=\"https:\/\/politicanewscascavel.com.br\/wp-content\/uploads\/2026\/04\/17458105-0e45-45f9-879c-e73b35fbc031-300x200.jpg 300w, https:\/\/politicanewscascavel.com.br\/wp-content\/uploads\/2026\/04\/17458105-0e45-45f9-879c-e73b35fbc031-1024x683.jpg 1024w, https:\/\/politicanewscascavel.com.br\/wp-content\/uploads\/2026\/04\/17458105-0e45-45f9-879c-e73b35fbc031-768x512.jpg 768w, https:\/\/politicanewscascavel.com.br\/wp-content\/uploads\/2026\/04\/17458105-0e45-45f9-879c-e73b35fbc031-150x100.jpg 150w, https:\/\/politicanewscascavel.com.br\/wp-content\/uploads\/2026\/04\/17458105-0e45-45f9-879c-e73b35fbc031-450x300.jpg 450w, https:\/\/politicanewscascavel.com.br\/wp-content\/uploads\/2026\/04\/17458105-0e45-45f9-879c-e73b35fbc031-1200x800.jpg 1200w, https:\/\/politicanewscascavel.com.br\/wp-content\/uploads\/2026\/04\/17458105-0e45-45f9-879c-e73b35fbc031-219x146.jpg 219w, https:\/\/politicanewscascavel.com.br\/wp-content\/uploads\/2026\/04\/17458105-0e45-45f9-879c-e73b35fbc031.jpg 1536w\" sizes=\"(max-width: 300px) 100vw, 300px\" \/><\/p>\n","protected":false},"excerpt":{"rendered":"<p>A cidade de Cascavel vai ganhar um novo marco cultural e tur\u00edstico. Com recursos do Governo Federal e articula\u00e7\u00e3o da comunidade ucraniana local, ser\u00e1 implantada a Rua Ucr\u00e2nia, no bairro S\u00e3o Crist\u00f3v\u00e3o, em frente \u00e0 igreja ucraniana, em um projeto que promete valorizar a hist\u00f3ria e as tradi\u00e7\u00f5es de uma das comunidades mais presentes no<\/p>\n","protected":false},"author":159,"featured_media":0,"comment_status":"open","ping_status":"open","sticky":false,"template":"","format":"standard","meta":{"footnotes":""},"categories":[1],"tags":[],"class_list":{"0":"post-156391","1":"post","2":"type-post","3":"status-publish","4":"format-standard","6":"category-todas-noticias"},"_links":{"self":[{"href":"https:\/\/politicanewscascavel.com.br\/index.php?rest_route=\/wp\/v2\/posts\/156391","targetHints":{"allow":["GET"]}}],"collection":[{"href":"https:\/\/politicanewscascavel.com.br\/index.php?rest_route=\/wp\/v2\/posts"}],"about":[{"href":"https:\/\/politicanewscascavel.com.br\/index.php?rest_route=\/wp\/v2\/types\/post"}],"author":[{"embeddable":true,"href":"https:\/\/politicanewscascavel.com.br\/index.php?rest_route=\/wp\/v2\/users\/159"}],"replies":[{"embeddable":true,"href":"https:\/\/politicanewscascavel.com.br\/index.php?rest_route=%2Fwp%2Fv2%2Fcomments&post=156391"}],"version-history":[{"count":1,"href":"https:\/\/politicanewscascavel.com.br\/index.php?rest_route=\/wp\/v2\/posts\/156391\/revisions"}],"predecessor-version":[{"id":156393,"href":"https:\/\/politicanewscascavel.com.br\/index.php?rest_route=\/wp\/v2\/posts\/156391\/revisions\/156393"}],"wp:attachment":[{"href":"https:\/\/politicanewscascavel.com.br\/index.php?rest_route=%2Fwp%2Fv2%2Fmedia&parent=156391"}],"wp:term":[{"taxonomy":"category","embeddable":true,"href":"https:\/\/politicanewscascavel.com.br\/index.php?rest_route=%2Fwp%2Fv2%2Fcategories&post=156391"},{"taxonomy":"post_tag","embeddable":true,"href":"https:\/\/politicanewscascavel.com.br\/index.php?rest_route=%2Fwp%2Fv2%2Ftags&post=156391"}],"curies":[{"name":"wp","href":"https:\/\/api.w.org\/{rel}","templated":true}]}}