{"id":156474,"date":"2026-04-28T12:38:56","date_gmt":"2026-04-28T15:38:56","guid":{"rendered":"https:\/\/politicanewscascavel.com.br\/?p=156474"},"modified":"2026-04-28T12:38:56","modified_gmt":"2026-04-28T15:38:56","slug":"pf-pede-retirada-de-faixa-com-ladrao-em-cidade-que-receberia-lula-e-caso-gera-reacao-nas-redes","status":"publish","type":"post","link":"https:\/\/politicanewscascavel.com.br\/?p=156474","title":{"rendered":"PF pede retirada de faixa com \u201cladr\u00e3o\u201d em cidade que receberia Lula e caso gera rea\u00e7\u00e3o nas redes"},"content":{"rendered":"<p>Um epis\u00f3dio em Presidente Prudente (SP) ganhou repercuss\u00e3o nacional nesta segunda-feira (27). Agentes da Pol\u00edcia Federal abordaram um morador e pediram a retirada de uma faixa com a palavra \u201cladr\u00e3o\u201d, estendida na sacada de um apartamento, em \u00e1rea pr\u00f3xima de agenda que receberia o presidente Luiz In\u00e1cio Lula da Silva. Segundo relatos e imagens que circularam nas redes sociais, agentes teriam argumentado sobre quest\u00f5es de seguran\u00e7a e pedido a remo\u00e7\u00e3o do material.<\/p>\n<p>O caso provocou debate sobre liberdade de express\u00e3o e atua\u00e7\u00e3o de agentes p\u00fablicos em eventos presidenciais. Parlamentares e lideran\u00e7as pol\u00edticas reagiram ao epis\u00f3dio, enquanto a situa\u00e7\u00e3o viralizou nas redes com cr\u00edticas e questionamentos sobre eventual censura.<\/p>\n<p>A visita de Lula \u00e0 cidade acabou n\u00e3o ocorrendo, ap\u00f3s mudan\u00e7a na agenda presidencial, mas a pol\u00eamica continuou repercutindo ao longo do dia.<\/p>\n<p><img fetchpriority=\"high\" decoding=\"async\" class=\"alignnone size-medium wp-image-156475\" src=\"https:\/\/politicanewscascavel.com.br\/wp-content\/uploads\/2026\/04\/30b1a9df-ca0b-4dd9-8ca0-3b91725c278f-240x300.jpg\" alt=\"\" width=\"240\" height=\"300\" srcset=\"https:\/\/politicanewscascavel.com.br\/wp-content\/uploads\/2026\/04\/30b1a9df-ca0b-4dd9-8ca0-3b91725c278f-240x300.jpg 240w, https:\/\/politicanewscascavel.com.br\/wp-content\/uploads\/2026\/04\/30b1a9df-ca0b-4dd9-8ca0-3b91725c278f-819x1024.jpg 819w, https:\/\/politicanewscascavel.com.br\/wp-content\/uploads\/2026\/04\/30b1a9df-ca0b-4dd9-8ca0-3b91725c278f-768x960.jpg 768w, https:\/\/politicanewscascavel.com.br\/wp-content\/uploads\/2026\/04\/30b1a9df-ca0b-4dd9-8ca0-3b91725c278f-150x187.jpg 150w, https:\/\/politicanewscascavel.com.br\/wp-content\/uploads\/2026\/04\/30b1a9df-ca0b-4dd9-8ca0-3b91725c278f-450x562.jpg 450w, https:\/\/politicanewscascavel.com.br\/wp-content\/uploads\/2026\/04\/30b1a9df-ca0b-4dd9-8ca0-3b91725c278f-117x146.jpg 117w, https:\/\/politicanewscascavel.com.br\/wp-content\/uploads\/2026\/04\/30b1a9df-ca0b-4dd9-8ca0-3b91725c278f.jpg 1122w\" sizes=\"(max-width: 240px) 100vw, 240px\" \/><\/p>\n","protected":false},"excerpt":{"rendered":"<p>Um epis\u00f3dio em Presidente Prudente (SP) ganhou repercuss\u00e3o nacional nesta segunda-feira (27). Agentes da Pol\u00edcia Federal abordaram um morador e pediram a retirada de uma faixa com a palavra \u201cladr\u00e3o\u201d, estendida na sacada de um apartamento, em \u00e1rea pr\u00f3xima de agenda que receberia o presidente Luiz In\u00e1cio Lula da Silva. Segundo relatos e imagens que<\/p>\n","protected":false},"author":159,"featured_media":0,"comment_status":"open","ping_status":"open","sticky":false,"template":"","format":"standard","meta":{"footnotes":""},"categories":[1],"tags":[],"class_list":{"0":"post-156474","1":"post","2":"type-post","3":"status-publish","4":"format-standard","6":"category-todas-noticias"},"_links":{"self":[{"href":"https:\/\/politicanewscascavel.com.br\/index.php?rest_route=\/wp\/v2\/posts\/156474","targetHints":{"allow":["GET"]}}],"collection":[{"href":"https:\/\/politicanewscascavel.com.br\/index.php?rest_route=\/wp\/v2\/posts"}],"about":[{"href":"https:\/\/politicanewscascavel.com.br\/index.php?rest_route=\/wp\/v2\/types\/post"}],"author":[{"embeddable":true,"href":"https:\/\/politicanewscascavel.com.br\/index.php?rest_route=\/wp\/v2\/users\/159"}],"replies":[{"embeddable":true,"href":"https:\/\/politicanewscascavel.com.br\/index.php?rest_route=%2Fwp%2Fv2%2Fcomments&post=156474"}],"version-history":[{"count":1,"href":"https:\/\/politicanewscascavel.com.br\/index.php?rest_route=\/wp\/v2\/posts\/156474\/revisions"}],"predecessor-version":[{"id":156476,"href":"https:\/\/politicanewscascavel.com.br\/index.php?rest_route=\/wp\/v2\/posts\/156474\/revisions\/156476"}],"wp:attachment":[{"href":"https:\/\/politicanewscascavel.com.br\/index.php?rest_route=%2Fwp%2Fv2%2Fmedia&parent=156474"}],"wp:term":[{"taxonomy":"category","embeddable":true,"href":"https:\/\/politicanewscascavel.com.br\/index.php?rest_route=%2Fwp%2Fv2%2Fcategories&post=156474"},{"taxonomy":"post_tag","embeddable":true,"href":"https:\/\/politicanewscascavel.com.br\/index.php?rest_route=%2Fwp%2Fv2%2Ftags&post=156474"}],"curies":[{"name":"wp","href":"https:\/\/api.w.org\/{rel}","templated":true}]}}