{"id":156602,"date":"2026-04-29T07:20:26","date_gmt":"2026-04-29T10:20:26","guid":{"rendered":"https:\/\/politicanewscascavel.com.br\/?p=156602"},"modified":"2026-04-29T07:20:26","modified_gmt":"2026-04-29T10:20:26","slug":"festival-de-musica-negra-sem-artistas-negros-gera-polemica-apos-receber-r-700-mil-em-recursos-publicos","status":"publish","type":"post","link":"https:\/\/politicanewscascavel.com.br\/?p=156602","title":{"rendered":"Festival de m\u00fasica negra sem artistas negros gera pol\u00eamica ap\u00f3s receber R$ 700 mil em recursos p\u00fablicos"},"content":{"rendered":"<p>Festival de m\u00fasica negra sem artistas negros gera pol\u00eamica ap\u00f3s receber R$ 700 mil em recursos p\u00fablicos<\/p>\n<p>Um festival realizado no Distrito Federal virou alvo de cr\u00edticas nas redes sociais ap\u00f3s a divulga\u00e7\u00e3o de que o Festival de M\u00fasica Negra recebeu R$ 700 mil em fomento p\u00fablico por meio da Pol\u00edtica Nacional Aldir Blanc (Pnab), mesmo com um line-up do subevento Festival Melodya sendo acusado por internautas de ter pouca ou quase nenhuma representatividade negra.<\/p>\n<p>A pol\u00eamica ganhou for\u00e7a ap\u00f3s a divulga\u00e7\u00e3o das atra\u00e7\u00f5es, com questionamentos sobre o uso de recursos p\u00fablicos destinados, segundo edital, para iniciativas voltadas \u00e0 valoriza\u00e7\u00e3o da cultura negra. O evento ocorreu em Ceil\u00e2ndia (DF) e foi organizado pela Associa\u00e7\u00e3o Brasiliense de Promo\u00e7\u00e3o \u00e0 Cultura, Diversidade e Forma\u00e7\u00e3o (ABC-DF).<\/p>\n<p>Cr\u00edticos apontam contradi\u00e7\u00e3o entre a proposta do festival e a programa\u00e7\u00e3o apresentada. A organiza\u00e7\u00e3o afirma que houve participa\u00e7\u00e3o de artistas negros em parte da grade e nega irregularidades.<\/p>\n<p>O caso reacendeu o debate sobre crit\u00e9rios de sele\u00e7\u00e3o em projetos financiados com dinheiro p\u00fablico e fiscaliza\u00e7\u00e3o dos editais culturais.<img fetchpriority=\"high\" decoding=\"async\" class=\"alignnone size-medium wp-image-156603\" src=\"https:\/\/politicanewscascavel.com.br\/wp-content\/uploads\/2026\/04\/6c6ad6bd-3fd8-4cb1-bf71-88052a355b7b-225x300.jpg\" alt=\"\" width=\"225\" height=\"300\" srcset=\"https:\/\/politicanewscascavel.com.br\/wp-content\/uploads\/2026\/04\/6c6ad6bd-3fd8-4cb1-bf71-88052a355b7b-225x300.jpg 225w, https:\/\/politicanewscascavel.com.br\/wp-content\/uploads\/2026\/04\/6c6ad6bd-3fd8-4cb1-bf71-88052a355b7b-768x1024.jpg 768w, https:\/\/politicanewscascavel.com.br\/wp-content\/uploads\/2026\/04\/6c6ad6bd-3fd8-4cb1-bf71-88052a355b7b-150x200.jpg 150w, https:\/\/politicanewscascavel.com.br\/wp-content\/uploads\/2026\/04\/6c6ad6bd-3fd8-4cb1-bf71-88052a355b7b-450x600.jpg 450w, https:\/\/politicanewscascavel.com.br\/wp-content\/uploads\/2026\/04\/6c6ad6bd-3fd8-4cb1-bf71-88052a355b7b-110x146.jpg 110w, https:\/\/politicanewscascavel.com.br\/wp-content\/uploads\/2026\/04\/6c6ad6bd-3fd8-4cb1-bf71-88052a355b7b.jpg 1086w\" sizes=\"(max-width: 225px) 100vw, 225px\" \/><\/p>\n","protected":false},"excerpt":{"rendered":"<p>Festival de m\u00fasica negra sem artistas negros gera pol\u00eamica ap\u00f3s receber R$ 700 mil em recursos p\u00fablicos Um festival realizado no Distrito Federal virou alvo de cr\u00edticas nas redes sociais ap\u00f3s a divulga\u00e7\u00e3o de que o Festival de M\u00fasica Negra recebeu R$ 700 mil em fomento p\u00fablico por meio da Pol\u00edtica Nacional Aldir Blanc (Pnab),<\/p>\n","protected":false},"author":159,"featured_media":0,"comment_status":"open","ping_status":"open","sticky":false,"template":"","format":"standard","meta":{"footnotes":""},"categories":[1],"tags":[],"class_list":{"0":"post-156602","1":"post","2":"type-post","3":"status-publish","4":"format-standard","6":"category-todas-noticias"},"_links":{"self":[{"href":"https:\/\/politicanewscascavel.com.br\/index.php?rest_route=\/wp\/v2\/posts\/156602","targetHints":{"allow":["GET"]}}],"collection":[{"href":"https:\/\/politicanewscascavel.com.br\/index.php?rest_route=\/wp\/v2\/posts"}],"about":[{"href":"https:\/\/politicanewscascavel.com.br\/index.php?rest_route=\/wp\/v2\/types\/post"}],"author":[{"embeddable":true,"href":"https:\/\/politicanewscascavel.com.br\/index.php?rest_route=\/wp\/v2\/users\/159"}],"replies":[{"embeddable":true,"href":"https:\/\/politicanewscascavel.com.br\/index.php?rest_route=%2Fwp%2Fv2%2Fcomments&post=156602"}],"version-history":[{"count":1,"href":"https:\/\/politicanewscascavel.com.br\/index.php?rest_route=\/wp\/v2\/posts\/156602\/revisions"}],"predecessor-version":[{"id":156604,"href":"https:\/\/politicanewscascavel.com.br\/index.php?rest_route=\/wp\/v2\/posts\/156602\/revisions\/156604"}],"wp:attachment":[{"href":"https:\/\/politicanewscascavel.com.br\/index.php?rest_route=%2Fwp%2Fv2%2Fmedia&parent=156602"}],"wp:term":[{"taxonomy":"category","embeddable":true,"href":"https:\/\/politicanewscascavel.com.br\/index.php?rest_route=%2Fwp%2Fv2%2Fcategories&post=156602"},{"taxonomy":"post_tag","embeddable":true,"href":"https:\/\/politicanewscascavel.com.br\/index.php?rest_route=%2Fwp%2Fv2%2Ftags&post=156602"}],"curies":[{"name":"wp","href":"https:\/\/api.w.org\/{rel}","templated":true}]}}