{"id":156610,"date":"2026-04-29T13:41:50","date_gmt":"2026-04-29T16:41:50","guid":{"rendered":"https:\/\/politicanewscascavel.com.br\/?p=156610"},"modified":"2026-04-29T13:41:50","modified_gmt":"2026-04-29T16:41:50","slug":"treinador-de-jiu-jitsu-e-policial-civil-e-preso-em-manaus-por-suspeita-de-estupro-de-vulneraveis","status":"publish","type":"post","link":"https:\/\/politicanewscascavel.com.br\/?p=156610","title":{"rendered":"Treinador de jiu-jitsu e policial civil \u00e9 preso em Manaus por suspeita de estupro de vulner\u00e1veis"},"content":{"rendered":"\n<div>\n<p>Um caso de repercuss\u00e3o nacional veio \u00e0 tona nesta ter\u00e7a-feira, 28 de abril de 2026, com a pris\u00e3o tempor\u00e1ria do treinador de jiu-jitsu Melk Galv\u00e3o, figura de notoriedade no ambiente das artes marciais e que exerce simultaneamente a fun\u00e7\u00e3o de policial civil no estado do Amazonas. A Justi\u00e7a de S\u00e3o Paulo decretou a pris\u00e3o ap\u00f3s o surgimento de den\u00fancias graves de estupro de vulner\u00e1veis, crime que, nos termos do artigo 217-A do C\u00f3digo Penal brasileiro, consiste na pr\u00e1tica de ato libidinoso com menor de 14 anos, independentemente de consentimento, em raz\u00e3o da presun\u00e7\u00e3o legal de vulnerabilidade que a lei atribui a essa faixa et\u00e1ria.<\/p>\n<p>A combina\u00e7\u00e3o de atributos que caracterizam o acusado, notoriedade no universo das artes marciais e fun\u00e7\u00e3o p\u00fablica de policial civil, torna o caso duplamente emblem\u00e1tico. Por um lado, ele exp\u00f5e as brechas de controle existentes no ambiente esportivo de combate, onde a rela\u00e7\u00e3o de autoridade do mestre sobre o aluno pode ser instrumentalizada por indiv\u00edduos de m\u00e1-f\u00e9 para fins criminosos. Por outro, coloca em evid\u00eancia o desafio das corpora\u00e7\u00f5es policiais de garantir que seus integrantes mantenham conduta ilibada n\u00e3o apenas no exerc\u00edcio da fun\u00e7\u00e3o p\u00fablica, mas em todas as dimens\u00f5es de sua vida privada, especialmente naquelas em que exercem influ\u00eancia sobre pessoas em situa\u00e7\u00e3o de vulnerabilidade.<\/p>\n<p>O jiu-jitsu brasileiro, modalidade que alcan\u00e7ou proje\u00e7\u00e3o mundial e que \u00e9 praticada por milh\u00f5es de pessoas em todo o pa\u00eds, tem constru\u00eddo ao longo das d\u00e9cadas uma reputa\u00e7\u00e3o de ambiente disciplinador, formador de car\u00e1ter e promotor de valores positivos como respeito, hierarquia e autocontrole. Casos como o de Melk Galv\u00e3o, quando confirmados pela investiga\u00e7\u00e3o e pelo processo judicial, t\u00eam o potencial de lan\u00e7ar sombra sobre essas associa\u00e7\u00f5es positivas e de acender um debate necess\u00e1rio sobre a implementa\u00e7\u00e3o de mecanismos mais rigorosos de verifica\u00e7\u00e3o de antecedentes, c\u00f3digo de conduta e canais seguros de den\u00fancia dentro das academias e federa\u00e7\u00f5es de artes marciais.<\/p>\n<p>A decreta\u00e7\u00e3o de pris\u00e3o tempor\u00e1ria pela Justi\u00e7a de S\u00e3o Paulo indica que os magistrados entenderam presentes os requisitos legais para a medida cautelar, seja pela imprescindibilidade da pris\u00e3o para as investiga\u00e7\u00f5es policiais, seja pelo ind\u00edcio de que o acusado teria praticado crimes dolosos com pena prevista de reclus\u00e3o. A pris\u00e3o tempor\u00e1ria, prevista na Lei n\u00ba 7.960\/1989, tem prazo de 30 dias, prorrog\u00e1vel por igual per\u00edodo em casos de extrema gravidade. Durante esse per\u00edodo, os investigadores ter\u00e3o oportunidade de reunir provas, ouvir testemunhas e identificar eventuais outras v\u00edtimas que porventura n\u00e3o tenham ainda se manifestado publicamente.<\/p>\n<p>O caso ganha dimens\u00e3o ainda mais perturbadora quando se considera a posi\u00e7\u00e3o de autoridade dual que o acusado ocupava perante suas v\u00edtimas: como treinador, detinha o poder de distribuir gradua\u00e7\u00f5es e conceder ou negar acesso ao desenvolvimento t\u00e9cnico dos praticantes; como policial civil, personificava a pr\u00f3pria autoridade do Estado. A conflu\u00eancia dessas duas dimens\u00f5es de poder em uma \u00fanica pessoa cria condi\u00e7\u00f5es objetivas para o exerc\u00edcio de coer\u00e7\u00e3o psicol\u00f3gica sobre v\u00edtimas que, em raz\u00e3o da idade e da assimetria de poder, dificilmente disp\u00f5em dos recursos emocionais necess\u00e1rios para resistir ou denunciar os abusos. \u00c9 precisamente esse contexto de vulnerabilidade institucionalizada que a legisla\u00e7\u00e3o penal brasileira busca combater ao tipificar de forma aut\u00f4noma o estupro de vulner\u00e1veis com san\u00e7\u00f5es que podem chegar a 15 anos de reclus\u00e3o.<\/p>\n<p>Acompanhe na <em>HostingPress<\/em> os desdobramentos deste caso e de outros que envolvem a prote\u00e7\u00e3o da crian\u00e7a e do adolescente no Brasil, com cobertura jornal\u00edstica \u00e9tica e comprometida com a verdade.<\/p>\n<p>__<\/p>\n<p>Marcelo Henrique de Carvalho, editor-chefe<\/p>\n<p>HostingPRESS \u2014 Ag\u00eancia de Not\u00edcias de S\u00e3o Paulo. Conte\u00fado distribu\u00eddo por nossa Central de Jornalismo. Reprodu\u00e7\u00e3o autorizada mediante cr\u00e9dito da fonte.<\/p>\n<\/p><\/div>\n","protected":false},"excerpt":{"rendered":"<p>Um caso de repercuss\u00e3o nacional veio \u00e0 tona nesta ter\u00e7a-feira, 28 de abril de 2026, com a pris\u00e3o tempor\u00e1ria do treinador de jiu-jitsu Melk Galv\u00e3o, figura de notoriedade no ambiente das artes marciais e que exerce simultaneamente a fun\u00e7\u00e3o de policial civil no estado do Amazonas. A Justi\u00e7a de S\u00e3o Paulo decretou a pris\u00e3o ap\u00f3s<\/p>\n","protected":false},"author":811,"featured_media":156611,"comment_status":"closed","ping_status":"closed","sticky":false,"template":"","format":"standard","meta":{"footnotes":""},"categories":[39],"tags":[],"class_list":{"0":"post-156610","1":"post","2":"type-post","3":"status-publish","4":"format-standard","5":"has-post-thumbnail","7":"category-esportes"},"_links":{"self":[{"href":"https:\/\/politicanewscascavel.com.br\/index.php?rest_route=\/wp\/v2\/posts\/156610","targetHints":{"allow":["GET"]}}],"collection":[{"href":"https:\/\/politicanewscascavel.com.br\/index.php?rest_route=\/wp\/v2\/posts"}],"about":[{"href":"https:\/\/politicanewscascavel.com.br\/index.php?rest_route=\/wp\/v2\/types\/post"}],"author":[{"embeddable":true,"href":"https:\/\/politicanewscascavel.com.br\/index.php?rest_route=\/wp\/v2\/users\/811"}],"replies":[{"embeddable":true,"href":"https:\/\/politicanewscascavel.com.br\/index.php?rest_route=%2Fwp%2Fv2%2Fcomments&post=156610"}],"version-history":[{"count":0,"href":"https:\/\/politicanewscascavel.com.br\/index.php?rest_route=\/wp\/v2\/posts\/156610\/revisions"}],"wp:featuredmedia":[{"embeddable":true,"href":"https:\/\/politicanewscascavel.com.br\/index.php?rest_route=\/wp\/v2\/media\/156611"}],"wp:attachment":[{"href":"https:\/\/politicanewscascavel.com.br\/index.php?rest_route=%2Fwp%2Fv2%2Fmedia&parent=156610"}],"wp:term":[{"taxonomy":"category","embeddable":true,"href":"https:\/\/politicanewscascavel.com.br\/index.php?rest_route=%2Fwp%2Fv2%2Fcategories&post=156610"},{"taxonomy":"post_tag","embeddable":true,"href":"https:\/\/politicanewscascavel.com.br\/index.php?rest_route=%2Fwp%2Fv2%2Ftags&post=156610"}],"curies":[{"name":"wp","href":"https:\/\/api.w.org\/{rel}","templated":true}]}}