{"id":156616,"date":"2026-04-29T13:41:53","date_gmt":"2026-04-29T16:41:53","guid":{"rendered":"https:\/\/politicanewscascavel.com.br\/?p=156616"},"modified":"2026-04-29T13:41:53","modified_gmt":"2026-04-29T16:41:53","slug":"governo-prepara-pacote-bilionario-contra-o-endividamento-das-familias-com-anuncio-previsto-para-o-dia-do-trabalhador","status":"publish","type":"post","link":"https:\/\/politicanewscascavel.com.br\/?p=156616","title":{"rendered":"Governo prepara pacote bilion\u00e1rio contra o endividamento das fam\u00edlias, com an\u00fancio previsto para o Dia do Trabalhador"},"content":{"rendered":"\n<div>\n<p>A equipe econ\u00f4mica do governo do presidente Luiz In\u00e1cio Lula da Silva trabalha em ritmo acelerado para finalizar, at\u00e9 o Dia do Trabalhador, 1\u00ba de maio de 2026, um amplo pacote de medidas destinado a enfrentar um dos problemas mais persistentes e estruturais da economia brasileira contempor\u00e2nea: o endividamento excessivo das fam\u00edlias, que afeta hoje praticamente metade dos lares do pa\u00eds e constitui um dos principais freios ao consumo dom\u00e9stico e ao crescimento econ\u00f4mico sustentado. A confirma\u00e7\u00e3o dos contornos do programa foi amplamente divulgada pelos principais ve\u00edculos de comunica\u00e7\u00e3o nacionais ao longo desta ter\u00e7a-feira, com fontes pr\u00f3ximas ao Pal\u00e1cio do Planalto indicando que o an\u00fancio ser\u00e1 feito em cerim\u00f4nia de elevado simbolismo pol\u00edtico, em meio \u00e0s comemora\u00e7\u00f5es do Dia Internacional do Trabalhador.<\/p>\n<p>A proposta central do pacote \u00e9 a cria\u00e7\u00e3o de um novo programa de renegocia\u00e7\u00e3o de d\u00edvidas, inspirado no bem-sucedido Desenrola Brasil, lan\u00e7ado na primeira fase do atual governo e que, segundo balan\u00e7os oficiais, permitiu a regulariza\u00e7\u00e3o da situa\u00e7\u00e3o financeira de centenas de milhares de brasileiros negativados. A nova vers\u00e3o do programa, que j\u00e1 circula nos bastidores governamentais sob a alcunha informal de Desenrola 2.0, ter\u00e1 foco priorit\u00e1rio em trabalhadores com renda de at\u00e9 cinco sal\u00e1rios m\u00ednimos e buscar\u00e1 equacionar tanto as d\u00edvidas banc\u00e1rias tradicionais quanto os d\u00e9bitos contra\u00eddos com credores n\u00e3o banc\u00e1rios, como financeiras, varejistas e prestadores de servi\u00e7o.<\/p>\n<p>Entre as medidas mais impactantes previstas no pacote, destaca-se a possibilidade de descontos que podem chegar a 90% sobre o valor total dos d\u00e9bitos mais antigos e j\u00e1 negativados, o que representa uma oportunidade sem precedentes de regulariza\u00e7\u00e3o para devedores que, em muitos casos, acumulam d\u00edvidas cujo valor atualizado supera em v\u00e1rias vezes o principal originalmente contratado, em raz\u00e3o dos juros abusivos e das taxas de inadimpl\u00eancia aplicadas pelo sistema financeiro. A expectativa do governo \u00e9 renegociar at\u00e9 R$ 140 bilh\u00f5es em d\u00edvidas, o que, se confirmado, tornar\u00e1 o programa um dos mais ambiciosos de sua esp\u00e9cie j\u00e1 implementados no Brasil.<\/p>\n<p>Outro eixo relevante do pacote \u00e9 a amplia\u00e7\u00e3o da atua\u00e7\u00e3o do Fundo Garantidor de Opera\u00e7\u00f5es, o FGO, como instrumento de desbloqueio do cr\u00e9dito. A l\u00f3gica \u00e9 relativamente simples: ao cobrir parte do risco das institui\u00e7\u00f5es financeiras nas opera\u00e7\u00f5es de renegocia\u00e7\u00e3o, o Estado cria incentivos para que os bancos aceitem acordos que, de outra forma, n\u00e3o fechariam por receio de inadimpl\u00eancia futura. Com o risco parcialmente socializado, abre-se espa\u00e7o para a oferta de cr\u00e9dito a juros mais baixos e com prazos mais longos, condi\u00e7\u00f5es indispens\u00e1veis para que os devedores consigam de fato honrar os compromissos assumidos nos acordos de renegocia\u00e7\u00e3o sem recair no ciclo vicioso do endividamento. <\/p>\n<p>O pacote tamb\u00e9m inclui medidas de car\u00e1ter preventivo, voltadas a coibir o novo endividamento. Entre elas, o governo avalia a imposi\u00e7\u00e3o de restri\u00e7\u00f5es mais rigorosas \u00e0s plataformas de apostas online, as chamadas bets, que nos \u00faltimos dois anos t\u00eam sido apontadas por estudos e pesquisas como um fator crescente de comprometimento da renda das fam\u00edlias de menor poder aquisitivo. Tamb\u00e9m est\u00e3o em estudo regras mais severas para a limpeza do nome dos participantes dos programas de renegocia\u00e7\u00e3o, de modo a garantir que a regulariza\u00e7\u00e3o seja duradoura e n\u00e3o meramente cosm\u00e9tica.<\/p>\n<p>O contexto macroecon\u00f4mico que justifica a urg\u00eancia do pacote \u00e9 grave. O endividamento das fam\u00edlias brasileiras atingiu patamares historicamente elevados, com as d\u00edvidas banc\u00e1rias consumindo parcela crescente da renda dispon\u00edvel dos trabalhadores. O cart\u00e3o de cr\u00e9dito rotativo e o cheque especial, modalidades com as taxas de juros mais extorsivas do mercado, respondem por uma fatia desproporcionalmente grande desse passivo, refletindo a incapacidade de parcelas significativas da popula\u00e7\u00e3o de honrar seus compromissos no curto prazo e o consequente alastramento da d\u00edvida a juros compostos. A coincid\u00eancia entre a crise de endividamento e o per\u00edodo pr\u00e9-eleitoral n\u00e3o escapa \u00e0 an\u00e1lise dos especialistas, que apontam o pacote tanto como medida de pol\u00edtica econ\u00f4mica genu\u00edna quanto como instrumento de mobiliza\u00e7\u00e3o do eleitorado de baixa renda.<\/p>\n<p>Acompanhe na <em>HostingPress<\/em> a cobertura detalhada do lan\u00e7amento do pacote econ\u00f4mico do governo federal e seus poss\u00edveis impactos sobre a vida financeira dos brasileiros.<\/p>\n<p>__<\/p>\n<p>Marcelo Henrique de Carvalho, editor-chefe<\/p>\n<p>HostingPRESS \u2014 Ag\u00eancia de Not\u00edcias de S\u00e3o Paulo. Conte\u00fado distribu\u00eddo por nossa Central de Jornalismo. Reprodu\u00e7\u00e3o autorizada mediante cr\u00e9dito da fonte.<\/p>\n<\/p><\/div>\n","protected":false},"excerpt":{"rendered":"<p>A equipe econ\u00f4mica do governo do presidente Luiz In\u00e1cio Lula da Silva trabalha em ritmo acelerado para finalizar, at\u00e9 o Dia do Trabalhador, 1\u00ba de maio de 2026, um amplo pacote de medidas destinado a enfrentar um dos problemas mais persistentes e estruturais da economia brasileira contempor\u00e2nea: o endividamento excessivo das fam\u00edlias, que afeta hoje<\/p>\n","protected":false},"author":811,"featured_media":156617,"comment_status":"closed","ping_status":"closed","sticky":false,"template":"","format":"standard","meta":{"footnotes":""},"categories":[33],"tags":[],"class_list":{"0":"post-156616","1":"post","2":"type-post","3":"status-publish","4":"format-standard","5":"has-post-thumbnail","7":"category-politica"},"_links":{"self":[{"href":"https:\/\/politicanewscascavel.com.br\/index.php?rest_route=\/wp\/v2\/posts\/156616","targetHints":{"allow":["GET"]}}],"collection":[{"href":"https:\/\/politicanewscascavel.com.br\/index.php?rest_route=\/wp\/v2\/posts"}],"about":[{"href":"https:\/\/politicanewscascavel.com.br\/index.php?rest_route=\/wp\/v2\/types\/post"}],"author":[{"embeddable":true,"href":"https:\/\/politicanewscascavel.com.br\/index.php?rest_route=\/wp\/v2\/users\/811"}],"replies":[{"embeddable":true,"href":"https:\/\/politicanewscascavel.com.br\/index.php?rest_route=%2Fwp%2Fv2%2Fcomments&post=156616"}],"version-history":[{"count":0,"href":"https:\/\/politicanewscascavel.com.br\/index.php?rest_route=\/wp\/v2\/posts\/156616\/revisions"}],"wp:featuredmedia":[{"embeddable":true,"href":"https:\/\/politicanewscascavel.com.br\/index.php?rest_route=\/wp\/v2\/media\/156617"}],"wp:attachment":[{"href":"https:\/\/politicanewscascavel.com.br\/index.php?rest_route=%2Fwp%2Fv2%2Fmedia&parent=156616"}],"wp:term":[{"taxonomy":"category","embeddable":true,"href":"https:\/\/politicanewscascavel.com.br\/index.php?rest_route=%2Fwp%2Fv2%2Fcategories&post=156616"},{"taxonomy":"post_tag","embeddable":true,"href":"https:\/\/politicanewscascavel.com.br\/index.php?rest_route=%2Fwp%2Fv2%2Ftags&post=156616"}],"curies":[{"name":"wp","href":"https:\/\/api.w.org\/{rel}","templated":true}]}}