{"id":156659,"date":"2026-04-29T20:34:30","date_gmt":"2026-04-29T23:34:30","guid":{"rendered":"https:\/\/politicanewscascavel.com.br\/?p=156659"},"modified":"2026-04-29T20:34:30","modified_gmt":"2026-04-29T23:34:30","slug":"cavalo-de-pau-declaracao-atribuida-a-flavio-bolsonaro-gera-reacao-entre-apoiadores-conservadores","status":"publish","type":"post","link":"https:\/\/politicanewscascavel.com.br\/?p=156659","title":{"rendered":"CAVALO DE PAU? Declara\u00e7\u00e3o atribu\u00edda a Fl\u00e1vio Bolsonaro gera rea\u00e7\u00e3o entre apoiadores conservadores"},"content":{"rendered":"<p>Uma publica\u00e7\u00e3o que circula nas redes sociais e repercutiu em perfis pol\u00edticos provocou debate ao atribuir ao senador Fl\u00e1vio Bolsonaro a defesa de um eventual governo com \u201cmenos militares e mais mulheres\u201d. A frase, que dividiu opini\u00f5es, foi interpretada por cr\u00edticos como um aceno a mudan\u00e7as no perfil de composi\u00e7\u00e3o ministerial, enquanto aliados pedem cautela e contexto antes de conclus\u00f5es precipitadas.<\/p>\n<p>Entre apoiadores da direita, a rea\u00e7\u00e3o foi imediata, especialmente entre setores ligados \u00e0s For\u00e7as Armadas e ao eleitorado bolsonarista mais ideol\u00f3gico. Muitos questionam se haveria uma mudan\u00e7a de rumo em rela\u00e7\u00e3o ao discurso historicamente pr\u00f3ximo dos militares.<\/p>\n<p>Por outro lado, defensores de Fl\u00e1vio argumentam que ampliar a presen\u00e7a feminina em cargos estrat\u00e9gicos n\u00e3o significaria excluir militares, mas sim buscar maior diversidade em um eventual governo.<\/p>\n<p>Nos bastidores pol\u00edticos, o tema j\u00e1 provoca discuss\u00f5es sobre como uma futura candidatura presidencial de Fl\u00e1vio dialogaria com sua base conservadora e com setores que veem nas For\u00e7as Armadas um pilar institucional.<\/p>\n<p>A pol\u00eamica est\u00e1 lan\u00e7ada \u2014 e o debate promete crescer.<img fetchpriority=\"high\" decoding=\"async\" class=\"alignnone size-medium wp-image-156660\" src=\"https:\/\/politicanewscascavel.com.br\/wp-content\/uploads\/2026\/04\/5f0f9a3c-9781-4d8b-a71b-f8d82eabc0d8-240x300.jpg\" alt=\"\" width=\"240\" height=\"300\" srcset=\"https:\/\/politicanewscascavel.com.br\/wp-content\/uploads\/2026\/04\/5f0f9a3c-9781-4d8b-a71b-f8d82eabc0d8-240x300.jpg 240w, https:\/\/politicanewscascavel.com.br\/wp-content\/uploads\/2026\/04\/5f0f9a3c-9781-4d8b-a71b-f8d82eabc0d8-819x1024.jpg 819w, https:\/\/politicanewscascavel.com.br\/wp-content\/uploads\/2026\/04\/5f0f9a3c-9781-4d8b-a71b-f8d82eabc0d8-768x960.jpg 768w, https:\/\/politicanewscascavel.com.br\/wp-content\/uploads\/2026\/04\/5f0f9a3c-9781-4d8b-a71b-f8d82eabc0d8-150x187.jpg 150w, https:\/\/politicanewscascavel.com.br\/wp-content\/uploads\/2026\/04\/5f0f9a3c-9781-4d8b-a71b-f8d82eabc0d8-450x562.jpg 450w, https:\/\/politicanewscascavel.com.br\/wp-content\/uploads\/2026\/04\/5f0f9a3c-9781-4d8b-a71b-f8d82eabc0d8-117x146.jpg 117w, https:\/\/politicanewscascavel.com.br\/wp-content\/uploads\/2026\/04\/5f0f9a3c-9781-4d8b-a71b-f8d82eabc0d8.jpg 1122w\" sizes=\"(max-width: 240px) 100vw, 240px\" \/><\/p>\n","protected":false},"excerpt":{"rendered":"<p>Uma publica\u00e7\u00e3o que circula nas redes sociais e repercutiu em perfis pol\u00edticos provocou debate ao atribuir ao senador Fl\u00e1vio Bolsonaro a defesa de um eventual governo com \u201cmenos militares e mais mulheres\u201d. A frase, que dividiu opini\u00f5es, foi interpretada por cr\u00edticos como um aceno a mudan\u00e7as no perfil de composi\u00e7\u00e3o ministerial, enquanto aliados pedem cautela<\/p>\n","protected":false},"author":159,"featured_media":0,"comment_status":"open","ping_status":"open","sticky":false,"template":"","format":"standard","meta":{"footnotes":""},"categories":[1],"tags":[],"class_list":{"0":"post-156659","1":"post","2":"type-post","3":"status-publish","4":"format-standard","6":"category-todas-noticias"},"_links":{"self":[{"href":"https:\/\/politicanewscascavel.com.br\/index.php?rest_route=\/wp\/v2\/posts\/156659","targetHints":{"allow":["GET"]}}],"collection":[{"href":"https:\/\/politicanewscascavel.com.br\/index.php?rest_route=\/wp\/v2\/posts"}],"about":[{"href":"https:\/\/politicanewscascavel.com.br\/index.php?rest_route=\/wp\/v2\/types\/post"}],"author":[{"embeddable":true,"href":"https:\/\/politicanewscascavel.com.br\/index.php?rest_route=\/wp\/v2\/users\/159"}],"replies":[{"embeddable":true,"href":"https:\/\/politicanewscascavel.com.br\/index.php?rest_route=%2Fwp%2Fv2%2Fcomments&post=156659"}],"version-history":[{"count":1,"href":"https:\/\/politicanewscascavel.com.br\/index.php?rest_route=\/wp\/v2\/posts\/156659\/revisions"}],"predecessor-version":[{"id":156661,"href":"https:\/\/politicanewscascavel.com.br\/index.php?rest_route=\/wp\/v2\/posts\/156659\/revisions\/156661"}],"wp:attachment":[{"href":"https:\/\/politicanewscascavel.com.br\/index.php?rest_route=%2Fwp%2Fv2%2Fmedia&parent=156659"}],"wp:term":[{"taxonomy":"category","embeddable":true,"href":"https:\/\/politicanewscascavel.com.br\/index.php?rest_route=%2Fwp%2Fv2%2Fcategories&post=156659"},{"taxonomy":"post_tag","embeddable":true,"href":"https:\/\/politicanewscascavel.com.br\/index.php?rest_route=%2Fwp%2Fv2%2Ftags&post=156659"}],"curies":[{"name":"wp","href":"https:\/\/api.w.org\/{rel}","templated":true}]}}