{"id":156738,"date":"2026-04-30T14:04:42","date_gmt":"2026-04-30T17:04:42","guid":{"rendered":"https:\/\/politicanewscascavel.com.br\/?p=156738"},"modified":"2026-04-30T14:04:42","modified_gmt":"2026-04-30T17:04:42","slug":"relembrando-o-acordo-entre-gugu-bueno-e-marcel-micheletto-com-o-mp-e-o-que-isso-diz-sobre-o-brasil","status":"publish","type":"post","link":"https:\/\/politicanewscascavel.com.br\/?p=156738","title":{"rendered":"RELEMBRANDO: O acordo entre Gugu Bueno e Marcel Micheletto com o MP \u2014 e o que isso diz sobre o Brasil"},"content":{"rendered":"<p>Um epis\u00f3dio que passou quase despercebido no notici\u00e1rio pol\u00edtico paranaense volta a levantar um questionamento inc\u00f4modo: no Brasil, at\u00e9 onde vai a responsabiliza\u00e7\u00e3o de pol\u00edticos?<\/p>\n<p>Em 2024, o deputado estadual Gugu Bueno e o ent\u00e3o secret\u00e1rio \u2014 hoje prefeito \u2014 Marcel Micheletto firmaram um Acordo de N\u00e3o Persecu\u00e7\u00e3o C\u00edvel (ANPC) com o Minist\u00e9rio P\u00fablico do Paran\u00e1 para evitar uma a\u00e7\u00e3o judicial por improbidade administrativa.<\/p>\n<p>\ud83d\udccc O que aconteceu?<\/p>\n<p>A investiga\u00e7\u00e3o conduzida pelo Gaeco apontou que um servidor comissionado da Assembleia Legislativa, lotado no gabinete de Gugu Bueno, prestava servi\u00e7os particulares \u00e0 fam\u00edlia de Micheletto, mesmo sendo pago com dinheiro p\u00fablico.<\/p>\n<p>Entre as atividades relatadas estavam tarefas como:<\/p>\n<p>* transporte de familiares<br \/>\n* pagamentos em lot\u00e9ricas<br \/>\n* servi\u00e7os pessoais diversos<\/p>\n<p>Ou seja: um funcion\u00e1rio p\u00fablico atuando como empregado privado, custeado pelo contribuinte.<\/p>\n<p>\u2e3b<\/p>\n<p>\u2696\ufe0f O acordo com o Minist\u00e9rio P\u00fablico<\/p>\n<p>Apesar da gravidade administrativa, o caso n\u00e3o virou processo judicial. Em vez disso, foi firmado um acordo:<\/p>\n<p>* Micheletto se comprometeu a devolver cerca de R$ 78 mil<br \/>\n* Gugu Bueno pagou aproximadamente R$ 15 mil em multa<br \/>\n* Ambos confessaram o ato il\u00edcito no acordo<br \/>\n* O MP considerou que o caso n\u00e3o configurava crime, apenas irregularidade administrativa<\/p>\n<p>Na pr\u00e1tica, o acordo evitou uma a\u00e7\u00e3o por improbidade, que poderia resultar em puni\u00e7\u00f5es mais severas, como:<\/p>\n<p>* suspens\u00e3o de direitos pol\u00edticos<br \/>\n* perda de fun\u00e7\u00e3o p\u00fablica<br \/>\n* condena\u00e7\u00e3o judicial<\/p>\n<p>\u2e3b<\/p>\n<p>\ud83e\udd14 E no fim\u2026 o que aconteceu?<\/p>\n<p>A resposta \u00e9 simples \u2014 e ao mesmo tempo pol\u00eamica:<\/p>\n<p>\ud83d\udc49 Nada al\u00e9m de pagamento de valores e encerramento do caso.<\/p>\n<p>Sem processo longo.<br \/>\nSem condena\u00e7\u00e3o pesada.<br \/>\nSem inelegibilidade.<\/p>\n<p>A justificativa institucional \u00e9 clara: acordos como o ANPC s\u00e3o previstos em lei para casos considerados de \u201cmenor gravidade\u201d, com objetivo de dar rapidez e ressarcir o dano ao er\u00e1rio.<\/p>\n<p>Mas politicamente, a leitura \u00e9 outra.<\/p>\n<p>\u2e3b<\/p>\n<p>\ud83c\udde7\ud83c\uddf7 Dois pesos e duas medidas?<\/p>\n<p>O caso reacende uma cr\u00edtica recorrente na sociedade brasileira:<\/p>\n<p>\u27a1\ufe0f Cidad\u00e3os comuns enfrentam todo o rigor da lei<br \/>\n\u27a1\ufe0f Agentes p\u00fablicos muitas vezes resolvem tudo com acordo<\/p>\n<p>Afinal:<\/p>\n<p>* houve uso indevido de servidor p\u00fablico<br \/>\n* houve admiss\u00e3o de irregularidade<br \/>\n* houve dano ao er\u00e1rio<\/p>\n<p>E ainda assim, o desfecho foi administrativo \u2014 n\u00e3o judicial.<\/p>\n<p>\u2e3b<\/p>\n<p>\ud83e\udde0 O que esse epis\u00f3dio revela<\/p>\n<p>Mais do que um caso isolado, o acordo exp\u00f5e um modelo que vem se repetindo:<\/p>\n<p>* Judicializa\u00e7\u00e3o evitada por acordos<br \/>\n* Responsabiliza\u00e7\u00e3o limitada a multas<br \/>\n* Baixo impacto pol\u00edtico imediato<\/p>\n<p>Isso levanta uma pergunta inevit\u00e1vel:<\/p>\n<p>\ud83d\udc49 O sistema pune ou apenas negocia?<\/p>\n<p>\u2e3b<\/p>\n<p>O epis\u00f3dio envolvendo Gugu Bueno e Marcel Micheletto n\u00e3o \u00e9 apenas uma hist\u00f3ria do passado recente \u2014 \u00e9 um retrato do presente.<\/p>\n<p>Num pa\u00eds onde a lei deveria ser igual para todos, casos como esse alimentam a percep\u00e7\u00e3o de que a pol\u00edtica brasileira criou mecanismos para escapar das consequ\u00eancias mais duras.<\/p>\n<p>E enquanto isso n\u00e3o muda, a pergunta continua no ar:<\/p>\n<p>\ud83d\udc49 at\u00e9 quando acordos substituir\u00e3o a justi\u00e7a plena?<img fetchpriority=\"high\" decoding=\"async\" class=\"alignnone size-medium wp-image-156739\" src=\"https:\/\/politicanewscascavel.com.br\/wp-content\/uploads\/2026\/04\/38e3503c-ef49-4f7c-9c4e-3a4a279820c1-300x300.jpg\" alt=\"\" width=\"300\" height=\"300\" srcset=\"https:\/\/politicanewscascavel.com.br\/wp-content\/uploads\/2026\/04\/38e3503c-ef49-4f7c-9c4e-3a4a279820c1-300x300.jpg 300w, https:\/\/politicanewscascavel.com.br\/wp-content\/uploads\/2026\/04\/38e3503c-ef49-4f7c-9c4e-3a4a279820c1-1024x1024.jpg 1024w, https:\/\/politicanewscascavel.com.br\/wp-content\/uploads\/2026\/04\/38e3503c-ef49-4f7c-9c4e-3a4a279820c1-150x150.jpg 150w, https:\/\/politicanewscascavel.com.br\/wp-content\/uploads\/2026\/04\/38e3503c-ef49-4f7c-9c4e-3a4a279820c1-768x768.jpg 768w, https:\/\/politicanewscascavel.com.br\/wp-content\/uploads\/2026\/04\/38e3503c-ef49-4f7c-9c4e-3a4a279820c1-450x450.jpg 450w, https:\/\/politicanewscascavel.com.br\/wp-content\/uploads\/2026\/04\/38e3503c-ef49-4f7c-9c4e-3a4a279820c1-1200x1200.jpg 1200w, https:\/\/politicanewscascavel.com.br\/wp-content\/uploads\/2026\/04\/38e3503c-ef49-4f7c-9c4e-3a4a279820c1-146x146.jpg 146w, https:\/\/politicanewscascavel.com.br\/wp-content\/uploads\/2026\/04\/38e3503c-ef49-4f7c-9c4e-3a4a279820c1.jpg 1254w\" sizes=\"(max-width: 300px) 100vw, 300px\" \/><\/p>\n","protected":false},"excerpt":{"rendered":"<p>Um epis\u00f3dio que passou quase despercebido no notici\u00e1rio pol\u00edtico paranaense volta a levantar um questionamento inc\u00f4modo: no Brasil, at\u00e9 onde vai a responsabiliza\u00e7\u00e3o de pol\u00edticos? Em 2024, o deputado estadual Gugu Bueno e o ent\u00e3o secret\u00e1rio \u2014 hoje prefeito \u2014 Marcel Micheletto firmaram um Acordo de N\u00e3o Persecu\u00e7\u00e3o C\u00edvel (ANPC) com o Minist\u00e9rio P\u00fablico do<\/p>\n","protected":false},"author":159,"featured_media":0,"comment_status":"open","ping_status":"open","sticky":false,"template":"","format":"standard","meta":{"footnotes":""},"categories":[1],"tags":[],"class_list":{"0":"post-156738","1":"post","2":"type-post","3":"status-publish","4":"format-standard","6":"category-todas-noticias"},"_links":{"self":[{"href":"https:\/\/politicanewscascavel.com.br\/index.php?rest_route=\/wp\/v2\/posts\/156738","targetHints":{"allow":["GET"]}}],"collection":[{"href":"https:\/\/politicanewscascavel.com.br\/index.php?rest_route=\/wp\/v2\/posts"}],"about":[{"href":"https:\/\/politicanewscascavel.com.br\/index.php?rest_route=\/wp\/v2\/types\/post"}],"author":[{"embeddable":true,"href":"https:\/\/politicanewscascavel.com.br\/index.php?rest_route=\/wp\/v2\/users\/159"}],"replies":[{"embeddable":true,"href":"https:\/\/politicanewscascavel.com.br\/index.php?rest_route=%2Fwp%2Fv2%2Fcomments&post=156738"}],"version-history":[{"count":1,"href":"https:\/\/politicanewscascavel.com.br\/index.php?rest_route=\/wp\/v2\/posts\/156738\/revisions"}],"predecessor-version":[{"id":156740,"href":"https:\/\/politicanewscascavel.com.br\/index.php?rest_route=\/wp\/v2\/posts\/156738\/revisions\/156740"}],"wp:attachment":[{"href":"https:\/\/politicanewscascavel.com.br\/index.php?rest_route=%2Fwp%2Fv2%2Fmedia&parent=156738"}],"wp:term":[{"taxonomy":"category","embeddable":true,"href":"https:\/\/politicanewscascavel.com.br\/index.php?rest_route=%2Fwp%2Fv2%2Fcategories&post=156738"},{"taxonomy":"post_tag","embeddable":true,"href":"https:\/\/politicanewscascavel.com.br\/index.php?rest_route=%2Fwp%2Fv2%2Ftags&post=156738"}],"curies":[{"name":"wp","href":"https:\/\/api.w.org\/{rel}","templated":true}]}}