{"id":156743,"date":"2026-04-29T23:20:00","date_gmt":"2026-04-30T02:20:00","guid":{"rendered":"https:\/\/politicanewscascavel.com.br\/?p=156743"},"modified":"2026-04-29T23:20:00","modified_gmt":"2026-04-30T02:20:00","slug":"quinta-feira-tera-reducao-da-instabilidade-e-diminuicao-das-chuvas-em-sp","status":"publish","type":"post","link":"https:\/\/politicanewscascavel.com.br\/?p=156743","title":{"rendered":"Quinta-feira ter\u00e1 redu\u00e7\u00e3o da instabilidade e diminui\u00e7\u00e3o das chuvas em SP"},"content":{"rendered":"\n<div>\n<p><strong>Previs\u00e3o indica enfraquecimento das pancadas, mas ainda com possibilidade de chuva isolada<\/strong><\/p>\n<p>A previs\u00e3o do tempo para quinta-feira (30) aponta <strong>redu\u00e7\u00e3o da instabilidade clim\u00e1tica em todo o estado de S\u00e3o Paulo<\/strong>, com diminui\u00e7\u00e3o das chuvas em compara\u00e7\u00e3o aos dias anteriores.<\/p>\n<p>Segundo as informa\u00e7\u00f5es divulgadas, as pancadas de chuva tendem a <strong>perder for\u00e7a ao longo do dia<\/strong>, ocorrendo de forma mais isolada e com menor intensidade em diversas regi\u00f5es.<\/p>\n<p>O cen\u00e1rio \u00e9 resultado do enfraquecimento dos sistemas meteorol\u00f3gicos que vinham atuando sobre o estado, permitindo <strong>maior presen\u00e7a de per\u00edodos de tempo firme<\/strong>, ainda que com varia\u00e7\u00e3o de nuvens.<\/p>\n<p>Apesar da melhora nas condi\u00e7\u00f5es gerais, ainda h\u00e1 possibilidade de <strong>chuvas pontuais<\/strong>, principalmente em \u00e1reas espec\u00edficas e durante o per\u00edodo da tarde.<\/p>\n<p>A orienta\u00e7\u00e3o \u00e9 que a popula\u00e7\u00e3o continue acompanhando as atualiza\u00e7\u00f5es da previs\u00e3o, j\u00e1 que <strong>mudan\u00e7as r\u00e1pidas no tempo ainda podem ocorrer<\/strong>, mesmo com a tend\u00eancia de estabiliza\u00e7\u00e3o.<\/p>\n<p>A redu\u00e7\u00e3o das chuvas pode contribuir para diminui\u00e7\u00e3o de transtornos como alagamentos, mas n\u00e3o elimina completamente o risco em locais historicamente vulner\u00e1veis.<\/p>\n<p><strong>HostingPRESS Ag\u00eancia de Not\u00edcias de S\u00e3o Paulo<\/strong><br \/>Conte\u00fado distribu\u00eddo por nossa Central de Jornalismo<br \/>Reprodu\u00e7\u00e3o autorizada mediante cr\u00e9dito da fonte<\/p>\n<p>Portal criado para conectar os leitores da regi\u00e3o ao melhor conte\u00fado<\/p>\n<p>Somos l\u00edderes de audi\u00eancia local. Somos sociais.\u00a0Conecte-se conosco.<\/p>\n<\/p><\/div>\n<section>  \t<img alt=\"Avatar photo\" src=\"https:\/\/hostingpress.com.br\/wp-content\/uploads\/2026\/03\/cropped-Divilgacao-95x95.jpeg\"  height=\"95\" width=\"95\" decoding=\"async\">\t \t<\/p>\n<div>\n<p>Vinicius Moror\u00f3<\/p>\n<p>Editor-Executivo-Regional | Jornalista | Diretor Editorial    Editor-Executivo-Regional da HostingPress Ag\u00eancia de Not\u00edcias de S\u00e3o Paulo, com atua\u00e7\u00e3o voltada \u00e0 coordena\u00e7\u00e3o editorial regional, articula\u00e7\u00e3o com ve\u00edculos parceiros e fortalecimento da distribui\u00e7\u00e3o de conte\u00fado jornal\u00edstico no Estado de S\u00e3o Paulo.      Editor-chefe do Jornal Impacto Cotia, com foco em jornalismo investigativo, interesse p\u00fablico e an\u00e1lise cr\u00edtica de temas pol\u00edticos, sociais e institucionais.<\/p>\n<\/p><\/div>\n<\/section>\n","protected":false},"excerpt":{"rendered":"<p>Previs\u00e3o indica enfraquecimento das pancadas, mas ainda com possibilidade de chuva isolada A previs\u00e3o do tempo para quinta-feira (30) aponta redu\u00e7\u00e3o da instabilidade clim\u00e1tica em todo o estado de S\u00e3o Paulo, com diminui\u00e7\u00e3o das chuvas em compara\u00e7\u00e3o aos dias anteriores. Segundo as informa\u00e7\u00f5es divulgadas, as pancadas de chuva tendem a perder for\u00e7a ao longo do<\/p>\n","protected":false},"author":808,"featured_media":156744,"comment_status":"closed","ping_status":"closed","sticky":false,"template":"","format":"standard","meta":{"footnotes":""},"categories":[32,1],"tags":[],"class_list":{"0":"post-156743","1":"post","2":"type-post","3":"status-publish","4":"format-standard","5":"has-post-thumbnail","7":"category-brasil","8":"category-todas-noticias"},"_links":{"self":[{"href":"https:\/\/politicanewscascavel.com.br\/index.php?rest_route=\/wp\/v2\/posts\/156743","targetHints":{"allow":["GET"]}}],"collection":[{"href":"https:\/\/politicanewscascavel.com.br\/index.php?rest_route=\/wp\/v2\/posts"}],"about":[{"href":"https:\/\/politicanewscascavel.com.br\/index.php?rest_route=\/wp\/v2\/types\/post"}],"author":[{"embeddable":true,"href":"https:\/\/politicanewscascavel.com.br\/index.php?rest_route=\/wp\/v2\/users\/808"}],"replies":[{"embeddable":true,"href":"https:\/\/politicanewscascavel.com.br\/index.php?rest_route=%2Fwp%2Fv2%2Fcomments&post=156743"}],"version-history":[{"count":0,"href":"https:\/\/politicanewscascavel.com.br\/index.php?rest_route=\/wp\/v2\/posts\/156743\/revisions"}],"wp:featuredmedia":[{"embeddable":true,"href":"https:\/\/politicanewscascavel.com.br\/index.php?rest_route=\/wp\/v2\/media\/156744"}],"wp:attachment":[{"href":"https:\/\/politicanewscascavel.com.br\/index.php?rest_route=%2Fwp%2Fv2%2Fmedia&parent=156743"}],"wp:term":[{"taxonomy":"category","embeddable":true,"href":"https:\/\/politicanewscascavel.com.br\/index.php?rest_route=%2Fwp%2Fv2%2Fcategories&post=156743"},{"taxonomy":"post_tag","embeddable":true,"href":"https:\/\/politicanewscascavel.com.br\/index.php?rest_route=%2Fwp%2Fv2%2Ftags&post=156743"}],"curies":[{"name":"wp","href":"https:\/\/api.w.org\/{rel}","templated":true}]}}