{"id":156747,"date":"2026-04-30T14:43:21","date_gmt":"2026-04-30T17:43:21","guid":{"rendered":"https:\/\/politicanewscascavel.com.br\/?p=156747"},"modified":"2026-04-30T14:43:21","modified_gmt":"2026-04-30T17:43:21","slug":"stf-atinge-marca-de-1-400-condenados-pelos-atos-golpistas-de-8-de-janeiro-e-reafirma-o-papel-da-justica-na-defesa-da-democracia","status":"publish","type":"post","link":"https:\/\/politicanewscascavel.com.br\/?p=156747","title":{"rendered":"STF atinge marca de 1.400 condenados pelos atos golpistas de 8 de janeiro e reafirma o papel da Justi\u00e7a na defesa da Democracia"},"content":{"rendered":"\n<div>\n<p>Em um momento em que o Congresso Nacional se debru\u00e7a sobre o Veto n\u00ba 3\/2026 ao PL da Dosimetria, cuja eventual derrubada poderia beneficiar justamente os condenados em pauta, o Supremo Tribunal Federal alcan\u00e7a em abril de 2026 um n\u00famero expressivo e simbolicamente carregado: 1.400 condena\u00e7\u00f5es transitadas em julgado ou com pena definitivamente fixada em decorr\u00eancia dos atos golpistas de 8 de janeiro de 2023, quando dezenas de milhares de apoiadores do ex-presidente Jair Bolsonaro invadiram e depredaram as sedes do Congresso Nacional, do Pal\u00e1cio do Planalto e do pr\u00f3prio STF, em Bras\u00edlia. O n\u00famero representa uma das mais extensas opera\u00e7\u00f5es de responsabiliza\u00e7\u00e3o penal por crimes pol\u00edticos j\u00e1 realizadas na hist\u00f3ria da democracia brasileira.<\/p>\n<p>Os ataques de 8 de janeiro de 2023 constitu\u00edram, sob qualquer perspectiva jur\u00eddica e hist\u00f3rica s\u00e9ria, um dos epis\u00f3dios mais graves de ruptura institucional registrados no Brasil desde a redemocratiza\u00e7\u00e3o de 1985. Multid\u00f5es organizadas, mobilizadas por narrativas de fraude eleitoral sem fundamento probat\u00f3rio algum, marcharam sobre as sedes dos Tr\u00eas Poderes em Bras\u00edlia, arrombaram portas, destru\u00edram obras de arte de valor hist\u00f3rico inestim\u00e1vel, depredaram equipamentos p\u00fablicos e invadiram gabinetes e plen\u00e1rios. Os preju\u00edzos materiais superaram R$ 20 milh\u00f5es, mas o custo institucional e simb\u00f3lico foi imensur\u00e1vel: pelas primeiras horas, o Estado democr\u00e1tico de direito esteve sob amea\u00e7a concreta de colapso.<\/p>\n<p>A resposta do STF foi t\u00e9cnica, gradual e juridicamente cuidadosa. As a\u00e7\u00f5es penais foram instru\u00eddas com provas documentais e eletr\u00f4nicas abundantes, incluindo imagens de c\u00e2meras de seguran\u00e7a, registros de redes sociais e dados de geolocaliza\u00e7\u00e3o de celulares, que permitiram a identifica\u00e7\u00e3o e o enquadramento jur\u00eddico preciso de cada r\u00e9u conforme o papel desempenhado nos atos. O tribunal adotou uma tipologia de condutas que distingue os organizadores, os financiadores, os participantes ativos na destrui\u00e7\u00e3o e os que meramente invadiram as depend\u00eancias sem causar dano material direto, aplicando penas proporcionais \u00e0 gravidade individual de cada conduta, em obedi\u00eancia ao princ\u00edpio constitucional da individualiza\u00e7\u00e3o da pena.<\/p>\n<p>A marca de 1.400 condena\u00e7\u00f5es deve ser lida com o contexto adequado. Uma parcela expressiva dos condenados obteve, no processo de cumprimento de pena, benef\u00edcios como a progress\u00e3o antecipada de regime ou a substitui\u00e7\u00e3o da pena privativa de liberdade por penas restritivas de direitos, em raz\u00e3o de circunst\u00e2ncias individuais reconhecidas pelo pr\u00f3prio STF. O n\u00famero de r\u00e9us efetivamente em regime fechado de cumprimento de pena \u00e9, portanto, inferior ao total de condena\u00e7\u00f5es, reflexo da aplica\u00e7\u00e3o ordin\u00e1ria dos institutos da execu\u00e7\u00e3o penal que o governo Lula tentou, ao vetar o PL da Dosimetria, impedir que fossem modulados de forma espec\u00edfica e mais favor\u00e1vel para os envolvidos nos atos golpistas.<\/p>\n<p>O debate sobre as penas dos condenados pelo 8 de janeiro insere-se em um contexto mais amplo de questionamento sobre qual deve ser a resposta proporcional do Estado a crimes que atingem n\u00e3o indiv\u00edduos isolados, mas as pr\u00f3prias institui\u00e7\u00f5es da democracia. A dosimetria penal, em sua concep\u00e7\u00e3o ortodoxa, calibra a pena com base na culpabilidade individual, no grau de les\u00e3o ao bem jur\u00eddico tutelado, nos antecedentes criminais do r\u00e9u e nas circunst\u00e2ncias do caso concreto. Quando o bem jur\u00eddico lesado \u00e9 o pr\u00f3prio Estado Democr\u00e1tico de Direito, a discuss\u00e3o sobre proporcionalidade adquire inevitavelmente uma dimens\u00e3o coletiva e hist\u00f3rica que vai muito al\u00e9m da equa\u00e7\u00e3o t\u00e9cnico-penal e adentra o terreno da filosofia pol\u00edtica e da teoria constitucional.<\/p>\n<p>Para uma cobertura completa e qualificada de todos os desdobramentos jur\u00eddicos, pol\u00edticos e institucionais do julgamento dos respons\u00e1veis pelo 8 de janeiro, acompanhe a <em>HostingPress<\/em> e mantenha-se informado com o melhor do jornalismo brasileiro.<\/p>\n<p>__<\/p>\n<p>Marcelo Henrique de Carvalho, editor-chefe<\/p>\n<p>HostingPRESS \u2014 Ag\u00eancia de Not\u00edcias de S\u00e3o Paulo. Conte\u00fado distribu\u00eddo por nossa Central de Jornalismo. Reprodu\u00e7\u00e3o autorizada mediante cr\u00e9dito da fonte.<\/p>\n<\/p><\/div>\n","protected":false},"excerpt":{"rendered":"<p>Em um momento em que o Congresso Nacional se debru\u00e7a sobre o Veto n\u00ba 3\/2026 ao PL da Dosimetria, cuja eventual derrubada poderia beneficiar justamente os condenados em pauta, o Supremo Tribunal Federal alcan\u00e7a em abril de 2026 um n\u00famero expressivo e simbolicamente carregado: 1.400 condena\u00e7\u00f5es transitadas em julgado ou com pena definitivamente fixada em<\/p>\n","protected":false},"author":811,"featured_media":156748,"comment_status":"closed","ping_status":"closed","sticky":false,"template":"","format":"standard","meta":{"footnotes":""},"categories":[33],"tags":[],"class_list":{"0":"post-156747","1":"post","2":"type-post","3":"status-publish","4":"format-standard","5":"has-post-thumbnail","7":"category-politica"},"_links":{"self":[{"href":"https:\/\/politicanewscascavel.com.br\/index.php?rest_route=\/wp\/v2\/posts\/156747","targetHints":{"allow":["GET"]}}],"collection":[{"href":"https:\/\/politicanewscascavel.com.br\/index.php?rest_route=\/wp\/v2\/posts"}],"about":[{"href":"https:\/\/politicanewscascavel.com.br\/index.php?rest_route=\/wp\/v2\/types\/post"}],"author":[{"embeddable":true,"href":"https:\/\/politicanewscascavel.com.br\/index.php?rest_route=\/wp\/v2\/users\/811"}],"replies":[{"embeddable":true,"href":"https:\/\/politicanewscascavel.com.br\/index.php?rest_route=%2Fwp%2Fv2%2Fcomments&post=156747"}],"version-history":[{"count":0,"href":"https:\/\/politicanewscascavel.com.br\/index.php?rest_route=\/wp\/v2\/posts\/156747\/revisions"}],"wp:featuredmedia":[{"embeddable":true,"href":"https:\/\/politicanewscascavel.com.br\/index.php?rest_route=\/wp\/v2\/media\/156748"}],"wp:attachment":[{"href":"https:\/\/politicanewscascavel.com.br\/index.php?rest_route=%2Fwp%2Fv2%2Fmedia&parent=156747"}],"wp:term":[{"taxonomy":"category","embeddable":true,"href":"https:\/\/politicanewscascavel.com.br\/index.php?rest_route=%2Fwp%2Fv2%2Fcategories&post=156747"},{"taxonomy":"post_tag","embeddable":true,"href":"https:\/\/politicanewscascavel.com.br\/index.php?rest_route=%2Fwp%2Fv2%2Ftags&post=156747"}],"curies":[{"name":"wp","href":"https:\/\/api.w.org\/{rel}","templated":true}]}}