{"id":156910,"date":"2026-05-01T16:43:27","date_gmt":"2026-05-01T19:43:27","guid":{"rendered":"https:\/\/politicanewscascavel.com.br\/?p=156910"},"modified":"2026-05-01T16:43:27","modified_gmt":"2026-05-01T19:43:27","slug":"ex-presidente-da-acic-e-atual-lider-da-fiep-vasconcelos-desponta-como-peca-chave-na-possivel-vitoria-de-moro","status":"publish","type":"post","link":"https:\/\/politicanewscascavel.com.br\/?p=156910","title":{"rendered":"\u201cEx-presidente da ACIC e atual l\u00edder da FIEP, Vasconcelos desponta como pe\u00e7a-chave na poss\u00edvel vit\u00f3ria de Moro\u201d"},"content":{"rendered":"<p>Edson Vasconcelos ganha for\u00e7a como poss\u00edvel vice de S\u00e9rgio Moro e pode colocar Cascavel no centro do poder no Paran\u00e1<\/p>\n<p>A tradicional Festa do Trabalhador, realizada no Semin\u00e1rio S\u00e3o Jos\u00e9, em Cascavel, neste 1\u00ba de maio, foi al\u00e9m da celebra\u00e7\u00e3o: se transformou em palco de articula\u00e7\u00e3o pol\u00edtica e proje\u00e7\u00e3o de lideran\u00e7as que podem definir o futuro do Paran\u00e1.<\/p>\n<p>Entre os nomes presentes, um em especial ganhou destaque e for\u00e7a nos bastidores: Edson Vasconcelos, atual presidente da FIEP (Federa\u00e7\u00e3o das Ind\u00fastrias do Estado do Paran\u00e1), que vem sendo cada vez mais citado como poss\u00edvel vice na chapa do pr\u00e9-candidato ao Governo do Estado, S\u00e9rgio Moro.<\/p>\n<p>Cascavel pode voltar ao topo do poder estadual<\/p>\n<p>Com a poss\u00edvel confirma\u00e7\u00e3o de Vasconcelos como vice, Cascavel pode entrar para a hist\u00f3ria novamente. Isso porque, caso a chapa se confirme e ven\u00e7a \u2014 cen\u00e1rio apontado por pesquisas recentes que colocam S\u00e9rgio Moro em posi\u00e7\u00e3o favor\u00e1vel \u2014 o munic\u00edpio poder\u00e1 ter, pela segunda vez na hist\u00f3ria, um representante no comando do Governo do Paran\u00e1.<\/p>\n<p>Um feito que refor\u00e7a a import\u00e2ncia pol\u00edtica e econ\u00f4mica do Oeste do Estado.<\/p>\n<p>A trajet\u00f3ria de Edson Vasconcelos<\/p>\n<p>Empres\u00e1rio respeitado e com forte atua\u00e7\u00e3o no setor industrial, Edson Vasconcelos construiu uma trajet\u00f3ria s\u00f3lida baseada em gest\u00e3o, desenvolvimento e lideran\u00e7a.<\/p>\n<p>Atualmente \u00e0 frente da FIEP, ele tem sido uma voz ativa na defesa da ind\u00fastria paranaense, gera\u00e7\u00e3o de empregos e fortalecimento da economia.<\/p>\n<p>Antes disso, tamb\u00e9m presidiu a ACIC (Associa\u00e7\u00e3o Comercial e Industrial de Cascavel), onde deixou sua marca com iniciativas voltadas ao crescimento empresarial e ao fortalecimento do com\u00e9rcio local.<\/p>\n<p>Sua atua\u00e7\u00e3o sempre esteve ligada \u00e0 valoriza\u00e7\u00e3o do trabalho, do empreendedorismo e da liberdade econ\u00f4mica \u2014 pontos que dialogam diretamente com o eleitorado do Paran\u00e1.<\/p>\n<p>Alinhamento pol\u00edtico e presen\u00e7a de lideran\u00e7as<\/p>\n<p>O evento tamb\u00e9m contou com a presen\u00e7a do senador S\u00e9rgio Moro, que refor\u00e7ou sua proximidade com a regi\u00e3o, e do deputado federal Felipe Barros, uma das principais vozes da direita no estado.<\/p>\n<p>Outro momento importante foi a apresenta\u00e7\u00e3o do agropecuarista Juarez Berte como coordenador regional de campanha de Fl\u00e1vio Bolsonaro, ampliando ainda mais a articula\u00e7\u00e3o pol\u00edtica no Oeste.<\/p>\n<p>Mais que uma festa, um movimento pol\u00edtico<\/p>\n<p>O que era uma celebra\u00e7\u00e3o do Dia do Trabalhador se transformou em um verdadeiro term\u00f4metro pol\u00edtico. A presen\u00e7a de lideran\u00e7as estrat\u00e9gicas e o fortalecimento do nome de Edson Vasconcelos indicam que o Oeste do Paran\u00e1 segue sendo protagonista nas decis\u00f5es que v\u00e3o moldar o futuro do estado.<\/p>\n<p>Se confirmado como vice, Vasconcelos n\u00e3o apenas representar\u00e1 Cascavel \u2014 mas poder\u00e1 levar a for\u00e7a da regi\u00e3o diretamente ao cora\u00e7\u00e3o do Governo do Paran\u00e1.<img fetchpriority=\"high\" decoding=\"async\" class=\"alignnone size-medium wp-image-156911\" src=\"https:\/\/politicanewscascavel.com.br\/wp-content\/uploads\/2026\/05\/74b6ec1a-b450-411d-a2ce-a59e62336316-200x300.jpg\" alt=\"\" width=\"200\" height=\"300\" srcset=\"https:\/\/politicanewscascavel.com.br\/wp-content\/uploads\/2026\/05\/74b6ec1a-b450-411d-a2ce-a59e62336316-200x300.jpg 200w, https:\/\/politicanewscascavel.com.br\/wp-content\/uploads\/2026\/05\/74b6ec1a-b450-411d-a2ce-a59e62336316-682x1024.jpg 682w, https:\/\/politicanewscascavel.com.br\/wp-content\/uploads\/2026\/05\/74b6ec1a-b450-411d-a2ce-a59e62336316-768x1153.jpg 768w, https:\/\/politicanewscascavel.com.br\/wp-content\/uploads\/2026\/05\/74b6ec1a-b450-411d-a2ce-a59e62336316-1023x1536.jpg 1023w, https:\/\/politicanewscascavel.com.br\/wp-content\/uploads\/2026\/05\/74b6ec1a-b450-411d-a2ce-a59e62336316-150x225.jpg 150w, https:\/\/politicanewscascavel.com.br\/wp-content\/uploads\/2026\/05\/74b6ec1a-b450-411d-a2ce-a59e62336316-450x675.jpg 450w, https:\/\/politicanewscascavel.com.br\/wp-content\/uploads\/2026\/05\/74b6ec1a-b450-411d-a2ce-a59e62336316-97x146.jpg 97w, https:\/\/politicanewscascavel.com.br\/wp-content\/uploads\/2026\/05\/74b6ec1a-b450-411d-a2ce-a59e62336316.jpg 1066w\" sizes=\"(max-width: 200px) 100vw, 200px\" \/><\/p>\n","protected":false},"excerpt":{"rendered":"<p>Edson Vasconcelos ganha for\u00e7a como poss\u00edvel vice de S\u00e9rgio Moro e pode colocar Cascavel no centro do poder no Paran\u00e1 A tradicional Festa do Trabalhador, realizada no Semin\u00e1rio S\u00e3o Jos\u00e9, em Cascavel, neste 1\u00ba de maio, foi al\u00e9m da celebra\u00e7\u00e3o: se transformou em palco de articula\u00e7\u00e3o pol\u00edtica e proje\u00e7\u00e3o de lideran\u00e7as que podem definir o<\/p>\n","protected":false},"author":159,"featured_media":0,"comment_status":"open","ping_status":"open","sticky":false,"template":"","format":"standard","meta":{"footnotes":""},"categories":[1],"tags":[],"class_list":{"0":"post-156910","1":"post","2":"type-post","3":"status-publish","4":"format-standard","6":"category-todas-noticias"},"_links":{"self":[{"href":"https:\/\/politicanewscascavel.com.br\/index.php?rest_route=\/wp\/v2\/posts\/156910","targetHints":{"allow":["GET"]}}],"collection":[{"href":"https:\/\/politicanewscascavel.com.br\/index.php?rest_route=\/wp\/v2\/posts"}],"about":[{"href":"https:\/\/politicanewscascavel.com.br\/index.php?rest_route=\/wp\/v2\/types\/post"}],"author":[{"embeddable":true,"href":"https:\/\/politicanewscascavel.com.br\/index.php?rest_route=\/wp\/v2\/users\/159"}],"replies":[{"embeddable":true,"href":"https:\/\/politicanewscascavel.com.br\/index.php?rest_route=%2Fwp%2Fv2%2Fcomments&post=156910"}],"version-history":[{"count":1,"href":"https:\/\/politicanewscascavel.com.br\/index.php?rest_route=\/wp\/v2\/posts\/156910\/revisions"}],"predecessor-version":[{"id":156912,"href":"https:\/\/politicanewscascavel.com.br\/index.php?rest_route=\/wp\/v2\/posts\/156910\/revisions\/156912"}],"wp:attachment":[{"href":"https:\/\/politicanewscascavel.com.br\/index.php?rest_route=%2Fwp%2Fv2%2Fmedia&parent=156910"}],"wp:term":[{"taxonomy":"category","embeddable":true,"href":"https:\/\/politicanewscascavel.com.br\/index.php?rest_route=%2Fwp%2Fv2%2Fcategories&post=156910"},{"taxonomy":"post_tag","embeddable":true,"href":"https:\/\/politicanewscascavel.com.br\/index.php?rest_route=%2Fwp%2Fv2%2Ftags&post=156910"}],"curies":[{"name":"wp","href":"https:\/\/api.w.org\/{rel}","templated":true}]}}