{"id":156913,"date":"2026-05-01T18:37:20","date_gmt":"2026-05-01T21:37:20","guid":{"rendered":"https:\/\/politicanewscascavel.com.br\/?p=156913"},"modified":"2026-05-01T18:37:20","modified_gmt":"2026-05-01T21:37:20","slug":"bastidores-esquentam-paranhos-pode-ser-vice-de-rafael-greca-no-parana","status":"publish","type":"post","link":"https:\/\/politicanewscascavel.com.br\/?p=156913","title":{"rendered":"\u201cBastidores esquentam: Paranhos pode ser vice de Rafael Greca no Paran\u00e1\u201d"},"content":{"rendered":"<p><a href=\"https:\/\/politicanewscascavel.com.br\/?attachment_id=156922\" rel=\"attachment wp-att-156922\">WhatsApp Business<\/a><a href=\"https:\/\/politicanewscascavel.com.br\/?attachment_id=156921\" rel=\"attachment wp-att-156921\"><img fetchpriority=\"high\" decoding=\"async\" class=\"alignnone size-medium wp-image-156921\" src=\"https:\/\/politicanewscascavel.com.br\/wp-content\/uploads\/2026\/05\/d7891db1-6cce-4de7-bf6a-ee9c23eb82ed-1-200x300.jpg\" alt=\"\" width=\"200\" height=\"300\" srcset=\"https:\/\/politicanewscascavel.com.br\/wp-content\/uploads\/2026\/05\/d7891db1-6cce-4de7-bf6a-ee9c23eb82ed-1-200x300.jpg 200w, https:\/\/politicanewscascavel.com.br\/wp-content\/uploads\/2026\/05\/d7891db1-6cce-4de7-bf6a-ee9c23eb82ed-1-683x1024.jpg 683w, https:\/\/politicanewscascavel.com.br\/wp-content\/uploads\/2026\/05\/d7891db1-6cce-4de7-bf6a-ee9c23eb82ed-1-768x1152.jpg 768w, https:\/\/politicanewscascavel.com.br\/wp-content\/uploads\/2026\/05\/d7891db1-6cce-4de7-bf6a-ee9c23eb82ed-1-150x225.jpg 150w, https:\/\/politicanewscascavel.com.br\/wp-content\/uploads\/2026\/05\/d7891db1-6cce-4de7-bf6a-ee9c23eb82ed-1-450x675.jpg 450w, https:\/\/politicanewscascavel.com.br\/wp-content\/uploads\/2026\/05\/d7891db1-6cce-4de7-bf6a-ee9c23eb82ed-1-97x146.jpg 97w, https:\/\/politicanewscascavel.com.br\/wp-content\/uploads\/2026\/05\/d7891db1-6cce-4de7-bf6a-ee9c23eb82ed-1.jpg 1024w\" sizes=\"(max-width: 200px) 100vw, 200px\" \/><\/a>Rafael Greca n\u00e3o descarta Paranhos como vice e movimenta bastidores pol\u00edticos no Paran\u00e1<\/p>\n<p>Durante a Festa do Trabalhador no Semin\u00e1rio S\u00e3o Jos\u00e9, em Cascavel \u2014 considerada a maior festa do costel\u00e3o do mundo \u2014 o pr\u00e9-candidato ao Governo do Paran\u00e1, Rafael Greca (MDB), esteve presente e falou sobre o cen\u00e1rio pol\u00edtico estadual.<\/p>\n<p>Em entrevista ao Pol\u00edtica News Cascavel, conduzida por Alessio, Greca foi questionado sobre uma possibilidade que j\u00e1 come\u00e7a a circular nos bastidores: a forma\u00e7\u00e3o de uma chapa com o ex-prefeito de Cascavel, Leonaldo Paranhos, como vice.<\/p>\n<p>Poss\u00edvel alian\u00e7a chama aten\u00e7\u00e3o<\/p>\n<p>Segundo informa\u00e7\u00f5es de bastidores, essa composi\u00e7\u00e3o n\u00e3o est\u00e1 descartada, mesmo Paranhos estando atualmente em um grupo pol\u00edtico ligado ao governador Ratinho J\u00fanior.<\/p>\n<p>A poss\u00edvel uni\u00e3o entre Greca e Paranhos chama aten\u00e7\u00e3o por representar uma articula\u00e7\u00e3o estrat\u00e9gica que pode mexer diretamente no cen\u00e1rio eleitoral do Paran\u00e1, especialmente no interior do estado, onde Paranhos possui forte influ\u00eancia.<\/p>\n<p>Evento reuniu lideran\u00e7as e abriu espa\u00e7o para articula\u00e7\u00f5es<\/p>\n<p>A Festa do Trabalhador reuniu milhares de pessoas e diversas lideran\u00e7as pol\u00edticas, servindo n\u00e3o apenas como celebra\u00e7\u00e3o, mas tamb\u00e9m como ambiente de di\u00e1logo e articula\u00e7\u00f5es visando as elei\u00e7\u00f5es de 2026.<\/p>\n<p>A presen\u00e7a de Greca no evento refor\u00e7a sua movimenta\u00e7\u00e3o pelo estado e aproxima\u00e7\u00e3o com diferentes regi\u00f5es, incluindo o Oeste do Paran\u00e1.<\/p>\n<p>Entrevista exclusiva<\/p>\n<p>A entrevista realizada por Alessio traz questionamentos diretos sobre alian\u00e7as, estrat\u00e9gias e poss\u00edveis composi\u00e7\u00f5es de chapa, mostrando que o cen\u00e1rio pol\u00edtico segue em constru\u00e7\u00e3o e ainda aberto a mudan\u00e7as.<\/p>\n<p>Cen\u00e1rio segue indefinido<\/p>\n<p>Apesar das especula\u00e7\u00f5es, nenhuma defini\u00e7\u00e3o oficial foi confirmada at\u00e9 o momento. Ainda assim, a simples possibilidade de uma alian\u00e7a entre Greca e Paranhos j\u00e1 movimenta os bastidores e levanta discuss\u00f5es sobre os rumos da disputa estadual.<\/p>\n\n","protected":false},"excerpt":{"rendered":"<p>WhatsApp BusinessRafael Greca n\u00e3o descarta Paranhos como vice e movimenta bastidores pol\u00edticos no Paran\u00e1 Durante a Festa do Trabalhador no Semin\u00e1rio S\u00e3o Jos\u00e9, em Cascavel \u2014 considerada a maior festa do costel\u00e3o do mundo \u2014 o pr\u00e9-candidato ao Governo do Paran\u00e1, Rafael Greca (MDB), esteve presente e falou sobre o cen\u00e1rio pol\u00edtico estadual. Em entrevista<\/p>\n","protected":false},"author":159,"featured_media":0,"comment_status":"open","ping_status":"open","sticky":false,"template":"","format":"standard","meta":{"footnotes":""},"categories":[1],"tags":[],"class_list":{"0":"post-156913","1":"post","2":"type-post","3":"status-publish","4":"format-standard","6":"category-todas-noticias"},"_links":{"self":[{"href":"https:\/\/politicanewscascavel.com.br\/index.php?rest_route=\/wp\/v2\/posts\/156913","targetHints":{"allow":["GET"]}}],"collection":[{"href":"https:\/\/politicanewscascavel.com.br\/index.php?rest_route=\/wp\/v2\/posts"}],"about":[{"href":"https:\/\/politicanewscascavel.com.br\/index.php?rest_route=\/wp\/v2\/types\/post"}],"author":[{"embeddable":true,"href":"https:\/\/politicanewscascavel.com.br\/index.php?rest_route=\/wp\/v2\/users\/159"}],"replies":[{"embeddable":true,"href":"https:\/\/politicanewscascavel.com.br\/index.php?rest_route=%2Fwp%2Fv2%2Fcomments&post=156913"}],"version-history":[{"count":1,"href":"https:\/\/politicanewscascavel.com.br\/index.php?rest_route=\/wp\/v2\/posts\/156913\/revisions"}],"predecessor-version":[{"id":156923,"href":"https:\/\/politicanewscascavel.com.br\/index.php?rest_route=\/wp\/v2\/posts\/156913\/revisions\/156923"}],"wp:attachment":[{"href":"https:\/\/politicanewscascavel.com.br\/index.php?rest_route=%2Fwp%2Fv2%2Fmedia&parent=156913"}],"wp:term":[{"taxonomy":"category","embeddable":true,"href":"https:\/\/politicanewscascavel.com.br\/index.php?rest_route=%2Fwp%2Fv2%2Fcategories&post=156913"},{"taxonomy":"post_tag","embeddable":true,"href":"https:\/\/politicanewscascavel.com.br\/index.php?rest_route=%2Fwp%2Fv2%2Ftags&post=156913"}],"curies":[{"name":"wp","href":"https:\/\/api.w.org\/{rel}","templated":true}]}}