{"id":156930,"date":"2026-05-02T00:42:19","date_gmt":"2026-05-02T03:42:19","guid":{"rendered":"https:\/\/politicanewscascavel.com.br\/?p=156930"},"modified":"2026-05-02T00:42:19","modified_gmt":"2026-05-02T03:42:19","slug":"roubos-de-carga-caem-84-na-baixada-santista-e-atingem-menor-nivel-desde-2002","status":"publish","type":"post","link":"https:\/\/politicanewscascavel.com.br\/?p=156930","title":{"rendered":"Roubos de carga caem 84% na Baixada Santista e atingem menor n\u00edvel desde 2002"},"content":{"rendered":"\n<div>\n<p><strong>Redu\u00e7\u00e3o hist\u00f3rica \u00e9 atribu\u00edda a a\u00e7\u00f5es integradas de seguran\u00e7a e monitoramento nas principais rotas log\u00edsticas da regi\u00e3o<\/strong><\/p>\n<p>A Secretaria da Seguran\u00e7a P\u00fablica de S\u00e3o Paulo informou que os roubos de carga na Baixada Santista registraram queda de 84%, alcan\u00e7ando o menor \u00edndice desde 2002. O resultado reflete o refor\u00e7o de opera\u00e7\u00f5es policiais e estrat\u00e9gias de intelig\u00eancia voltadas ao combate ao crime organizado.<\/p>\n<p>A redu\u00e7\u00e3o expressiva foi observada nos primeiros meses de 2026, per\u00edodo em que foram intensificadas a\u00e7\u00f5es de policiamento ostensivo e investiga\u00e7\u00f5es direcionadas a quadrilhas especializadas nesse tipo de crime.<\/p>\n<p>As opera\u00e7\u00f5es envolveram a Pol\u00edcia Militar do Estado de S\u00e3o Paulo e a Pol\u00edcia Civil de S\u00e3o Paulo, com foco em \u00e1reas estrat\u00e9gicas, como rodovias de acesso ao porto e corredores log\u00edsticos.<\/p>\n<p>Entre as principais medidas adotadas est\u00e3o:<\/p>\n<ul>\n<li>monitoramento de rotas com maior incid\u00eancia de ocorr\u00eancias<\/li>\n<li>integra\u00e7\u00e3o entre for\u00e7as policiais e intelig\u00eancia investigativa<\/li>\n<li>a\u00e7\u00f5es direcionadas contra recepta\u00e7\u00e3o de cargas roubadas<\/li>\n<\/ul>\n<p>A atua\u00e7\u00e3o tamb\u00e9m incluiu fiscaliza\u00e7\u00e3o em pontos de armazenamento irregular e desarticula\u00e7\u00e3o de grupos criminosos envolvidos no desvio de mercadorias.<\/p>\n<p>De acordo com a Secretaria da Seguran\u00e7a P\u00fablica de S\u00e3o Paulo, a queda est\u00e1 diretamente ligada ao planejamento estrat\u00e9gico das for\u00e7as de seguran\u00e7a e ao uso de tecnologia no monitoramento das opera\u00e7\u00f5es.<\/p>\n<p><strong>Regi\u00e3o estrat\u00e9gica para log\u00edstica nacional<\/strong><\/p>\n<p>A Baixada Santista concentra rotas essenciais para o escoamento de mercadorias, especialmente por abrigar o Porto de Santos, o maior da Am\u00e9rica Latina.<\/p>\n<p>\u2714\ufe0f alto volume di\u00e1rio de transporte de cargas<br \/>\u2714\ufe0f presen\u00e7a de corredores rodovi\u00e1rios estrat\u00e9gicos<br \/>\u2714\ufe0f forte atua\u00e7\u00e3o de empresas de log\u00edstica<\/p>\n<p>O roubo de cargas \u00e9 um dos crimes que mais impactam o setor log\u00edstico, gerando preju\u00edzos financeiros e aumento de custos operacionais. A redu\u00e7\u00e3o desse tipo de ocorr\u00eancia tende a melhorar a efici\u00eancia do transporte e reduzir o valor final de produtos.<\/p>\n<p>Especialistas em seguran\u00e7a p\u00fablica apontam que o combate \u00e0 recepta\u00e7\u00e3o \u00e9 um dos fatores mais eficazes para diminuir esse tipo de crime, ao enfraquecer o mercado ilegal.<\/p>\n<p>A queda nos roubos de carga na Baixada Santista tem impacto direto na economia paulista, especialmente na capital e na Regi\u00e3o Metropolitana, que dependem do fluxo constante de mercadorias.<\/p>\n<p>A redu\u00e7\u00e3o das ocorr\u00eancias contribui para maior seguran\u00e7a no transporte, diminui\u00e7\u00e3o de custos log\u00edsticos e maior estabilidade no abastecimento de produtos.<\/p>\n<p><strong>SERVI\u00c7O AO LEITOR<\/strong><\/p>\n<p>Empresas e motoristas podem adotar medidas preventivas:<\/p>\n<p>\u2714\ufe0f planejar rotas com apoio de sistemas de monitoramento<br \/>\u2714\ufe0f evitar paradas em locais n\u00e3o autorizados<br \/>\u2714\ufe0f manter comunica\u00e7\u00e3o constante com centrais de opera\u00e7\u00e3o<br \/>\u2714\ufe0f registrar ocorr\u00eancias imediatamente pelo telefone 190<\/p>\n<p>Den\u00fancias an\u00f4nimas podem ser feitas pelo Disque Den\u00fancia (181).<\/p>\n<p>A queda de 84% nos roubos de carga na Baixada Santista representa um marco na seguran\u00e7a p\u00fablica da regi\u00e3o. O resultado refor\u00e7a a import\u00e2ncia de a\u00e7\u00f5es integradas e do uso de intelig\u00eancia no combate ao crime, com reflexos positivos para a economia de S\u00e3o Paulo.<\/p>\n<p><strong>Editor-Executivo-Regional:<\/strong><br \/><strong>Vinicius Moror\u00f3 \u2013 Jornalista At\u00edpico<\/strong><\/p>\n<p><strong>HostingPRESS Ag\u00eancia de Not\u00edcias de S\u00e3o Paulo<\/strong><br \/>Conte\u00fado distribu\u00eddo por nossa Central de Jornalismo<br \/>Reprodu\u00e7\u00e3o autorizada mediante cr\u00e9dito da fonte<\/p>\n<p>Portal criado para conectar os leitores da regi\u00e3o ao melhor conte\u00fado<\/p>\n<p>Somos l\u00edderes de audi\u00eancia local. Somos sociais.\u00a0Conecte-se conosco.<\/p>\n<\/p><\/div>\n<section>  \t<img alt=\"Avatar photo\" src=\"https:\/\/hostingpress.com.br\/wp-content\/uploads\/2026\/03\/cropped-Divilgacao-95x95.jpeg\"  height=\"95\" width=\"95\" decoding=\"async\">\t \t<\/p>\n<div>\n<p>Vinicius Moror\u00f3<\/p>\n<p>Editor-Executivo-Regional | Jornalista | Diretor Editorial    Editor-Executivo-Regional da HostingPress Ag\u00eancia de Not\u00edcias de S\u00e3o Paulo, com atua\u00e7\u00e3o voltada \u00e0 coordena\u00e7\u00e3o editorial regional, articula\u00e7\u00e3o com ve\u00edculos parceiros e fortalecimento da distribui\u00e7\u00e3o de conte\u00fado jornal\u00edstico no Estado de S\u00e3o Paulo.      Editor-chefe do Jornal Impacto Cotia, com foco em jornalismo investigativo, interesse p\u00fablico e an\u00e1lise cr\u00edtica de temas pol\u00edticos, sociais e institucionais.<\/p>\n<\/p><\/div>\n<\/section>\n","protected":false},"excerpt":{"rendered":"<p>Redu\u00e7\u00e3o hist\u00f3rica \u00e9 atribu\u00edda a a\u00e7\u00f5es integradas de seguran\u00e7a e monitoramento nas principais rotas log\u00edsticas da regi\u00e3o A Secretaria da Seguran\u00e7a P\u00fablica de S\u00e3o Paulo informou que os roubos de carga na Baixada Santista registraram queda de 84%, alcan\u00e7ando o menor \u00edndice desde 2002. O resultado reflete o refor\u00e7o de opera\u00e7\u00f5es policiais e estrat\u00e9gias de<\/p>\n","protected":false},"author":808,"featured_media":156931,"comment_status":"closed","ping_status":"closed","sticky":false,"template":"","format":"standard","meta":{"footnotes":""},"categories":[35],"tags":[],"class_list":{"0":"post-156930","1":"post","2":"type-post","3":"status-publish","4":"format-standard","5":"has-post-thumbnail","7":"category-cidades"},"_links":{"self":[{"href":"https:\/\/politicanewscascavel.com.br\/index.php?rest_route=\/wp\/v2\/posts\/156930","targetHints":{"allow":["GET"]}}],"collection":[{"href":"https:\/\/politicanewscascavel.com.br\/index.php?rest_route=\/wp\/v2\/posts"}],"about":[{"href":"https:\/\/politicanewscascavel.com.br\/index.php?rest_route=\/wp\/v2\/types\/post"}],"author":[{"embeddable":true,"href":"https:\/\/politicanewscascavel.com.br\/index.php?rest_route=\/wp\/v2\/users\/808"}],"replies":[{"embeddable":true,"href":"https:\/\/politicanewscascavel.com.br\/index.php?rest_route=%2Fwp%2Fv2%2Fcomments&post=156930"}],"version-history":[{"count":0,"href":"https:\/\/politicanewscascavel.com.br\/index.php?rest_route=\/wp\/v2\/posts\/156930\/revisions"}],"wp:featuredmedia":[{"embeddable":true,"href":"https:\/\/politicanewscascavel.com.br\/index.php?rest_route=\/wp\/v2\/media\/156931"}],"wp:attachment":[{"href":"https:\/\/politicanewscascavel.com.br\/index.php?rest_route=%2Fwp%2Fv2%2Fmedia&parent=156930"}],"wp:term":[{"taxonomy":"category","embeddable":true,"href":"https:\/\/politicanewscascavel.com.br\/index.php?rest_route=%2Fwp%2Fv2%2Fcategories&post=156930"},{"taxonomy":"post_tag","embeddable":true,"href":"https:\/\/politicanewscascavel.com.br\/index.php?rest_route=%2Fwp%2Fv2%2Ftags&post=156930"}],"curies":[{"name":"wp","href":"https:\/\/api.w.org\/{rel}","templated":true}]}}